{"id":14849,"date":"2019-06-28T15:37:25","date_gmt":"2019-06-28T13:37:25","guid":{"rendered":"https:\/\/www.akademie-solitude.de\/news\/einladung-zum-sommerfest-2019\/"},"modified":"2020-09-14T17:44:14","modified_gmt":"2020-09-14T15:44:14","slug":"einladung-zum-sommerfest-2019","status":"publish","type":"news","link":"https:\/\/www.akademie-solitude.de\/de\/news\/einladung-zum-sommerfest-2019\/","title":{"rendered":"Einladung zum Sommerfest 2019"},"content":{"rendered":"","protected":false},"author":1,"featured_media":0,"template":"","news_type":[503],"class_list":["post-14849","news","type-news","status-publish","hentry","news_type-pressemitteilung"],"acf":{"bgcolor":"","bgcolor_custom":"","custom_color_css_variable":"","content_type":[{"acf_fc_layout":"content_txt","acfe_flexible_layout_title":"Text","bgcolor":"","bgcolor_custom":"","layout_col_size":8,"txt_cols":"is-1-txtcol","txt":"<span class=\"has-font-reckless-neue-book\" style=\"font-family: 'Reckless Neue Book';\">Aktuelle Stipendiat*innen aus \u00c4gypten, Deutschland, Gro\u00dfbritannien, Kroatien, Myanmar, den Niederlanden, \u00d6sterreich, Pakistan, den Philippinen und Rum\u00e4nien sind mit Lesungen, Performances und (Klang-)Installationen am Abendprogramm beteiligt. Einige Stipendiat*innen \u00f6ffnen ihre Studios und geben den Besucher*innen Einblick in ihre k\u00fcnstlerische Arbeit.<\/span>\r\n\r\n<span class=\"has-font-reckless-neue-book\" style=\"font-family: 'Reckless Neue Book';\">Mit dem Motto des Abends \u00bbNachbarschaften &amp; Gemeinschaften\u00ab spricht die Akademie gezielt alle direkten und indirekten Nachbar*innen an und l\u00e4dt ein, gemeinsam zu diskutieren, Projekte zu realisieren sowie die nachbarschaftliche und gesellschaftliche Zukunft miteinander zu gestalten.<\/span>\r\n\r\n<span class=\"has-font-reckless-neue-book\" style=\"font-family: 'Reckless Neue Book';\">Viele k\u00fcnstlerische Projekte aus den Kulturkreisen der Stipendiat*innen, die am 28. Juni pr\u00e4sentiert werden, besch\u00e4ftigen sich ebenfalls mit gesellschaftlichen und gemeinschaftsbildenden Prozessen.<\/span>\r\n\r\n<span class=\"has-font-reckless-neue-book\" style=\"font-family: 'Reckless Neue Book';\">Wie beispielsweise das Wort \u00bbSommer\u00ab in den jeweiligen Sprachen der Stipendiat*innen mit ihrer pers\u00f6nlichen Vorstellung von Sommer verschmilzt und in die Zukunft wirkt, erfahren die G\u00e4ste von ZZDD, dem Grafikdesigner aus Myanmar, der an seinem Stand mit Postkarten und Postern das Publikum zur Teilnahme einl\u00e4dt.<\/span>\r\n\r\n<span class=\"has-font-reckless-neue-book\" style=\"font-family: 'Reckless Neue Book';\">Die Kulturjournalistin Alice Sarmiento bringt philippinische Frauen aus verschiedenen Einwanderungsgenerationen und unterschiedlichen Gemeinschaften aus Stuttgart und ganz Baden-W\u00fcrttemberg zusammen, um mit ihnen an einem Solidarit\u00e4ts-Quilt f\u00fcr die \u00bbGrrrl-Gang-Manila\u00ab zu n\u00e4hen, einer Gruppe, die sich f\u00fcr Schutzr\u00e4ume f\u00fcr Frauen in Manila einsetzt.<\/span>\r\n\r\n<span class=\"has-font-reckless-neue-book\" style=\"font-family: 'Reckless Neue Book';\">Wie k\u00f6nnen Wissen, Expertise und Produktion \u00f6ffentlich gemacht werden, sodass Austausch, Gespr\u00e4ch und Interaktion entstehen? Die (Schuh-)Designerin Sophia Guggenberger \u00f6ffnet ihr Studio und zeigt alternative Strategien f\u00fcr die Produktion von Schuhwerk auf.<\/span>\r\n\r\n<span class=\"has-font-reckless-neue-book\" style=\"font-family: 'Reckless Neue Book';\">Und die wunderbare Autorin Wiam El-Tamami liest aus ihren neuesten Texten, in denen sie biografisches Schreiben mit narrativem Journalismus vereint und \u00fcber gesellschaftliche Ver\u00e4nderungen in \u00c4gypten, der T\u00fcrkei, Griechenland und Mexiko informiert. Dies sind nur einige Beispiele f\u00fcr aktuelle Arbeiten von Stipendiat*innen, die w\u00e4hrend des Sommerfestes zu sehen und zu h\u00f6ren sein werden.<\/span>\r\n\r\n<span class=\"has-font-reckless-neue-book\" style=\"font-family: 'Reckless Neue Book';\">Am 28. Juni gibt es f\u00fcr die Besucher noch sehr viel mehr zu entdecken. Die Stipendiat*innen und das Team der Akademie freuen sich auf viele G\u00e4ste!<\/span>\r\n\r\n<span class=\"has-font-reckless-neue-book\" style=\"font-family: 'Reckless Neue Book';\">Um 18 Uhr begr\u00fc\u00dfen Dr. Claudia Rose, Leiterin der Abteilung Kunst im Ministerium f\u00fcr Wissenschaft, Forschung und Kunst Baden-W\u00fcrttemberg sowie Akademiedirektorin Elke aus dem Moore.<\/span>\r\n\r\n<span class=\"has-font-reckless-neue-book\" style=\"font-family: 'Reckless Neue Book';\">F\u00fcr Essen und Getr\u00e4nke sorgen regionale Caterer. Ein Festzelt sorgt auch bei Regenwetter f\u00fcr trockene F\u00fc\u00dfe. Der Eintritt ist frei!<\/span>\r\n\r\n<span class=\"has-font-reckless-neue-book\" style=\"font-family: 'Reckless Neue Book';\">Sommerfest der Akademie Schloss Solitude<\/span>\r\n<span class=\"has-font-reckless-neue-book\" style=\"font-family: 'Reckless Neue Book';\">28. Juni 2019, 17 bis 22 Uhr<\/span>"}],"intro_preview_headline":"Einladung zum Sommerfest 2019","intro_preview_txt":"Die Akademie Schloss Solitude l\u00e4dt zum allj\u00e4hrlichen Sommerfest ein, das in diesem Jahr mit allen Solitude-Freund*innen und -Nachbar*innen rund um die alte Fachwerkscheune der Akademie gefeiert wird. Das Motto des Abends lautet \u00bbNachbarschaften &amp; Gemeinschaften\u00ab.","intro_preview_img":14850,"news_id_old":"3995","news_date":"2019-06-28 00:00:00","news_taxonomy_news_type":[503],"news_txt_old":"Die Akademie Schloss Solitude l\u00e4dt zum allj\u00e4hrlichen Sommerfest ein, das in diesem Jahr mit allen Solitude-Freund*innen und -Nachbar*innen rund um die alte Fachwerkscheune der Akademie gefeiert wird. Das Motto des Abends lautet \u00bbNachbarschaften &amp; Gemeinschaften\u00ab.\n\n&nbsp;","news_related_news":"","files":[{"files_file_url":14852}],"related_posts_news":[6940,6990,7021,7026,7027,7041,7044,7047,7053,7054,7082,7086,7047,0]},"_links":{"self":[{"href":"https:\/\/www.akademie-solitude.de\/de\/wp-json\/wp\/v2\/news\/14849","targetHints":{"allow":["GET"]}}],"collection":[{"href":"https:\/\/www.akademie-solitude.de\/de\/wp-json\/wp\/v2\/news"}],"about":[{"href":"https:\/\/www.akademie-solitude.de\/de\/wp-json\/wp\/v2\/types\/news"}],"author":[{"embeddable":true,"href":"https:\/\/www.akademie-solitude.de\/de\/wp-json\/wp\/v2\/users\/1"}],"acf:post":[{"embeddable":true,"href":"https:\/\/www.akademie-solitude.de\/de\/wp-json\/wp\/v2\/news\/0"},{"embeddable":true,"href":"https:\/\/www.akademie-solitude.de\/de\/wp-json\/wp\/v2\/person\/7086"},{"embeddable":true,"href":"https:\/\/www.akademie-solitude.de\/de\/wp-json\/wp\/v2\/person\/7082"},{"embeddable":true,"href":"https:\/\/www.akademie-solitude.de\/de\/wp-json\/wp\/v2\/person\/7054"},{"embeddable":true,"href":"https:\/\/www.akademie-solitude.de\/de\/wp-json\/wp\/v2\/person\/7053"},{"embeddable":true,"href":"https:\/\/www.akademie-solitude.de\/de\/wp-json\/wp\/v2\/person\/7047"},{"embeddable":true,"href":"https:\/\/www.akademie-solitude.de\/de\/wp-json\/wp\/v2\/person\/7044"},{"embeddable":true,"href":"https:\/\/www.akademie-solitude.de\/de\/wp-json\/wp\/v2\/person\/7041"},{"embeddable":true,"href":"https:\/\/www.akademie-solitude.de\/de\/wp-json\/wp\/v2\/person\/7027"},{"embeddable":true,"href":"https:\/\/www.akademie-solitude.de\/de\/wp-json\/wp\/v2\/person\/7026"},{"embeddable":true,"href":"https:\/\/www.akademie-solitude.de\/de\/wp-json\/wp\/v2\/person\/7021"},{"embeddable":true,"href":"https:\/\/www.akademie-solitude.de\/de\/wp-json\/wp\/v2\/person\/6990"},{"embeddable":true,"href":"https:\/\/www.akademie-solitude.de\/de\/wp-json\/wp\/v2\/person\/6940"}],"acf:term":[{"embeddable":true,"taxonomy":"news_type","href":"https:\/\/www.akademie-solitude.de\/de\/wp-json\/wp\/v2\/news_type\/503"}],"wp:attachment":[{"href":"https:\/\/www.akademie-solitude.de\/de\/wp-json\/wp\/v2\/media?parent=14849"}],"wp:term":[{"taxonomy":"news_type","embeddable":true,"href":"https:\/\/www.akademie-solitude.de\/de\/wp-json\/wp\/v2\/news_type?post=14849"}],"curies":[{"name":"wp","href":"https:\/\/api.w.org\/{rel}","templated":true}]}}