{"id":14905,"date":"2020-06-23T11:03:45","date_gmt":"2020-06-23T09:03:45","guid":{"rendered":"https:\/\/www.akademie-solitude.de\/?post_type=news&#038;p=14905"},"modified":"2020-09-14T17:35:27","modified_gmt":"2020-09-14T15:35:27","slug":"die-akademie-schloss-solitude-feiert-ihr-30-jaehriges-jubilaeum-mit-einem-mikro-sommerfestival","status":"publish","type":"news","link":"https:\/\/www.akademie-solitude.de\/de\/news\/die-akademie-schloss-solitude-feiert-ihr-30-jaehriges-jubilaeum-mit-einem-mikro-sommerfestival\/","title":{"rendered":"Die Akademie Schloss Solitude feiert ihr 30-j\u00e4hriges Jubil\u00e4um mit einem Mikro Sommerfestival"},"content":{"rendered":"","protected":false},"author":8,"featured_media":0,"template":"","news_type":[503],"class_list":["post-14905","news","type-news","status-publish","hentry","news_type-pressemitteilung"],"acf":{"bgcolor":"","bgcolor_custom":"","custom_color_css_variable":"","content_type":[{"acf_fc_layout":"content_txt","acfe_flexible_layout_title":"Text","bgcolor":"","bgcolor_custom":"","layout_col_size":8,"txt_cols":"is-1-txtcol","txt":"Die Akademie Schloss Solitude l\u00e4dt ab dem 27. Juni 2020 zum \u00bbSolitude Mikro-Sommerfestival (in zwei Teilen)\u00ab ein. Zum 30-j\u00e4hrigen Jubil\u00e4um der Akademie werden in den Sommermonaten auf dem gesamten Schlossgel\u00e4nde Veranstaltungs- und Ausstellungsformate in einem kleinen experimentellen Rahmen gezeigt, die pers\u00f6nliche und ku\u0308nstlerische Begegnungen mit den Stipendiat*innen erm\u00f6glichen.\r\n\r\nDer gro\u00dfe, fu\u0308r den 4. Juli 2020 geplante, Festakt zum 30-j\u00e4hrigen Jubil\u00e4um der Akademie Schloss Solitude kann aufgrund der momentanen COVID-19-Verordnungen des Landes Baden-Wu\u0308rttemberg in seiner geplanten Form leider nicht stattfinden. Gemeinsam mit den aktuellen Stipendiat*innen ist stattdessen die Idee des Solitude Mikro-Sommerfestivals (in zwei Teilen) entstanden. Der erste Teil des Festivals beginnt am 27. Juni und dauert bis zum 2. August 2020. Der zweite Teil startet nach der Sommerpause ab September. Vorwiegend im Au\u00dfenbereich der Akademie werden beispielsweise eine Mikro-Ausstellung, performative Eins-zu-Eins-Begegnungen auf Abstand, Klanginstallationen, ein Pocket Poetry-Abend, ein Blumenmarkt sowie ku\u0308nstlerische Interventionen im Au\u00dfenbereich der Akademie realisiert, um die \u00d6ffentlichkeit an den auf Solitude entstandenen Projekten und Prozessen teilhaben zu lassen.\r\n\r\nViele dieser Miniformate spielen sich nicht in den Innenr\u00e4umen sondern im Wald, auf der Wiese, im Hof, und an anderen Orten rund um das Hauptgeb\u00e4ude der Akademie ab.\r\nDas Team und die Stipendiat*innen der Akademie freuen sich bereits sehr darauf, nach dieser langen Phase der Isolation wieder in einen pers\u00f6nlichen Austausch treten zu k\u00f6nnen. Das gesamte Programm finden Sie auf Seite 2 und in Ku\u0308rze auf der Webseite sowie auf den Social Media-Kan\u00e4len der Akademie. Bei allen Veranstaltungen ist die Teilnehmerzahl begrenzt und eine Anmeldung verpflichtend.\r\n\r\nZum 30-j\u00e4hrigen Jubil\u00e4um hat die Akademie au\u00dferdem Solitude-Freund*innen aus aller Welt (Ku\u0308nstler*innen, Wissenschaftler*innen, Politiker*innen und Unterstu\u0308tzer*innen) gebeten, Geburtstagsgru\u0308.e zu senden. \u00bbSenden auch Sie uns Ihre Gru\u0308.e. Was bedeutet die Akademie fu\u0308r Sie und was wu\u0308nschen Sie ihr fu\u0308r die Zukunft?\u00ab Jede Woche ist eine Antwort auf diese Fragen auf der Webseite der Akademie sowie auf Facebook und Instagram zu finden. Partizipation in Form von Likes, Kommentaren und weiteren Gedanken zur Zukunft der Akademie ist unter dem Hashtag #solitudeanniversarygreetings auf den Social Media-Kan\u00e4len sehr willkommen!\r\n\r\nTrotz dieser M\u00f6glichkeit wieder kleinere Veranstaltungen realisieren zu k\u00f6nnen, werden die digitalen Formate, wie das\u00a0<a href=\"http:\/\/schloss-post.com\/category\/schlosspost-cinema\/\" target=\"_blank\" rel=\"noopener\" data-cke-saved-href=\"http:\/\/schloss-post.com\/category\/schlosspost-cinema\/\">SOLITUDE CINEMA<\/a>\u00a0und\u00a0<a href=\"http:\/\/schloss-post.com\/\" target=\"_blank\" rel=\"noopener\" data-cke-saved-href=\"http:\/\/schloss-post.com\/\">SCHLOSSPOST\u00a0<\/a>auch weiterhin eine gro\u00dfe Rolle spielen und die Akademie arbeitet kontinuierlich daran, die Prozesse und Inhalte auf lebendige Art und Weise mit der \u00d6ffentlichkeit zu teilen.\r\n\r\n&nbsp;"},{"acf_fc_layout":"content_txt","acfe_flexible_layout_title":"Text","bgcolor":"","bgcolor_custom":"","layout_col_size":8,"txt_cols":"is-1-txtcol","txt":"<h3 style=\"text-align: center;\"><span class=\"has-font-maison-neue has-font-reckless-regular\" style=\"font-family: 'Reckless Neue Book';\">Programm<\/span><\/h3>"},{"acf_fc_layout":"content_rows","acfe_flexible_layout_title":"Auflistung","bgcolor":"","rows_el":[{"row_el_content_collapsible":false,"row_el_content_collapsible_init_state":true,"row_el_content_headline":"","row_el_content_left":"27.06.\u201304.07.20, \r\nSolitude-Scheune","row_el_content_right":"<strong>\u00bbA Courtyard in the Barn\u00ab<\/strong>.\r\nAusstellung von Mariana Jochamowitz &amp; Nicol\u00e1s Rivera\r\n(Sa\/So 14\u201318 Uhr)"},{"row_el_content_collapsible":false,"row_el_content_collapsible_init_state":true,"row_el_content_headline":"","row_el_content_left":"04.07.20, 11\u201318 Uhr, \r\nSolitude-Scheune","row_el_content_right":"<strong>Blumenmarkt<\/strong> in Kooperation mit Chloroplast e. V."},{"row_el_content_collapsible":false,"row_el_content_collapsible_init_state":true,"row_el_content_headline":"","row_el_content_left":"03.07.20, 19 Uhr, \r\nAu\u00dfenbereich","row_el_content_right":"<strong>Pocket Poetry Festival<\/strong>.\r\nLesungen mit Solitude-Ku\u0308nstler*innen, initiiert von Vinicius Jatob\u00e1"},{"row_el_content_collapsible":false,"row_el_content_collapsible_init_state":true,"row_el_content_headline":"","row_el_content_left":"08.\u201326.07.20, \r\nAu\u00dfenbereich","row_el_content_right":"<strong>Ausstellung von Michael Kleine<\/strong> in der Solitude-Au\u00dfenvitrine"},{"row_el_content_collapsible":false,"row_el_content_collapsible_init_state":true,"row_el_content_headline":"","row_el_content_left":"11.\u201319.07.20, Sa\/So 14\u201318 Uhr, \r\nSolitude-Scheune","row_el_content_right":"<strong>\u00bbNeither Aleph, Nor Lam\u00ab<\/strong>.\r\nSoundinstallation von Sarvenaz Mostofey"},{"row_el_content_collapsible":false,"row_el_content_collapsible_init_state":true,"row_el_content_headline":"","row_el_content_left":"11.07. & 18.07.20, 19 Uhr, \r\nSolitude-Scheune","row_el_content_right":"<strong>\u00bbBaba, come to me\u00ab.<\/strong>\r\nLesung von Farah Barqawi"},{"row_el_content_collapsible":false,"row_el_content_collapsible_init_state":true,"row_el_content_headline":"","row_el_content_left":"19.07.20, 19 Uhr, \r\nSolitude-Scheune","row_el_content_right":"<strong>\u00bbA sweet collision of a neighbor\u2019s dance\u00ab<\/strong>.\r\nPerformance von Zrinka U\u017ebinec und Sarvenaz Mostofey"},{"row_el_content_collapsible":false,"row_el_content_collapsible_init_state":true,"row_el_content_headline":"","row_el_content_left":"28.07.20, 19 Uhr, \r\nSolitude-Scheune","row_el_content_right":"<strong>\u00bbA diarrhoea\u2026 eh, a diary of a dear man\u00ab<\/strong>.\r\nPerformance von Boyzie Cekwana\r\n\r\n&nbsp;"},{"row_el_content_collapsible":false,"row_el_content_collapsible_init_state":true,"row_el_content_headline":"","row_el_content_left":"31.07.\u201302.08.20, \r\n(WAGENHALLEN Stuttgart)","row_el_content_right":"<strong>\u00bbBack to Front\u00ab.<\/strong>\r\nAusstellung und Performance von Maayan Danoch"}]},{"acf_fc_layout":"content_txt","acfe_flexible_layout_title":"Text","bgcolor":"","bgcolor_custom":"","layout_col_size":8,"txt_cols":"is-1-txtcol","txt":"<h4><span class=\"has-font-maison-neue-extended has-font-reckless-regular\" style=\"font-family: 'Reckless Neue Book';\"><strong>Ku\u0308nstlerische Interventionen auf den Flaggen vor dem Hauptgeb\u00e4ude der Akademie:<\/strong><\/span><\/h4>\r\n29.\u201312.07.20: Maayan Danoch\r\n13.07.\u201302.08.20: Hannah Star Rogers &amp; Zrinka U\u017ebinec\r\n03.\u201316.08.20: Erre Erre\r\n\r\n&nbsp;\r\n<p class=\"is-size-6\"><strong>Teilnehmende Ku\u0308nstler*innen:<\/strong><\/p>\r\n<p class=\"is-size-6\">Farah Barqawi (\u00c4gypten, Pal\u00e4stina), Boyzie Cekwana (Su\u0308dafrika), Maayan Danoch (Deutschland), Erre Erre (Brasilien), Vinicius Jatob\u00e1 (Brasilien), Mariana Jochamowitz (Peru), Giuliana Kiersz (Argentinien), Michael Kleine (Deutschland), Sarvenaz Mostofey (Iran), Nicol\u00e1s Rivera (Peru), Hannah Star Rogers (USA), Zrinka U\u017ebinec (Kroatien)<\/p>\r\n\r\n<h5 class=\"is-size-6\"><span class=\"has-font-maison-neue-extended has-font-maison-neue has-font-reckless-regular\" style=\"font-family: 'Reckless Neue Book';\">Das Solitude Mikro Sommerfestival wird von der Baden-W\u00fcrttemberg Stiftung gef\u00f6rdert.<\/span><\/h5>"}],"intro_preview_headline":"Die Akademie Schloss Solitude feiert ihr 30-j\u00e4hriges Jubil\u00e4um mit einem Mikro Sommerfestival","intro_preview_txt":"Die Akademie Schloss Solitude l\u00e4dt ab dem 27. Juni 2020 zum \u00bbSolitude Mikro-Sommerfestival (in zwei Teilen)\u00ab ein. Zum 30-j\u00e4hrigen Jubil\u00e4um der Akademie werden in den Sommermonaten auf dem gesamten Schlossgel\u00e4nde Veranstaltungs- und Ausstellungsformate in einem kleinen experimentellen Rahmen gezeigt, die pers\u00f6nliche und ku\u0308nstlerische Begegnungen mit den Stipendiat*innen erm\u00f6glichen.","intro_preview_img":13278,"news_id_old":"","news_date":"2020-06-23 00:00:00","news_taxonomy_news_type":[503],"news_txt_old":"","news_related_news":"","files":[{"files_file_url":14906}],"related_posts_news":""},"_links":{"self":[{"href":"https:\/\/www.akademie-solitude.de\/de\/wp-json\/wp\/v2\/news\/14905","targetHints":{"allow":["GET"]}}],"collection":[{"href":"https:\/\/www.akademie-solitude.de\/de\/wp-json\/wp\/v2\/news"}],"about":[{"href":"https:\/\/www.akademie-solitude.de\/de\/wp-json\/wp\/v2\/types\/news"}],"author":[{"embeddable":true,"href":"https:\/\/www.akademie-solitude.de\/de\/wp-json\/wp\/v2\/users\/8"}],"acf:term":[{"embeddable":true,"taxonomy":"news_type","href":"https:\/\/www.akademie-solitude.de\/de\/wp-json\/wp\/v2\/news_type\/503"}],"wp:attachment":[{"href":"https:\/\/www.akademie-solitude.de\/de\/wp-json\/wp\/v2\/media?parent=14905"}],"wp:term":[{"taxonomy":"news_type","embeddable":true,"href":"https:\/\/www.akademie-solitude.de\/de\/wp-json\/wp\/v2\/news_type?post=14905"}],"curies":[{"name":"wp","href":"https:\/\/api.w.org\/{rel}","templated":true}]}}