{"id":28710,"date":"2021-04-16T16:29:29","date_gmt":"2021-04-16T14:29:29","guid":{"rendered":"https:\/\/www.akademie-solitude.de\/?post_type=news&#038;p=28710"},"modified":"2021-04-16T16:47:02","modified_gmt":"2021-04-16T14:47:02","slug":"kurzfilm-las-credenciales-von-manuel-ferrari-bei-den-67-internationalen-kurzfilmtagen-oberhausen","status":"publish","type":"news","link":"https:\/\/www.akademie-solitude.de\/de\/news\/kurzfilm-las-credenciales-von-manuel-ferrari-bei-den-67-internationalen-kurzfilmtagen-oberhausen\/","title":{"rendered":"Kurzfilm \u00bbLas Credenciales\u00ab von Manuel Ferrari bei den 67. Internationalen Kurzfilmtagen Oberhausen"},"content":{"rendered":"","protected":false},"author":15,"featured_media":0,"template":"","news_type":[502],"class_list":["post-28710","news","type-news","status-publish","hentry","news_type-news"],"acf":{"bgcolor":"","bgcolor_custom":"","custom_color_css_variable":"","content_type":[{"acf_fc_layout":"content_txt","acfe_flexible_layout_title":"Text","bgcolor":"","bgcolor_custom":"","layout_col_size":8,"txt_cols":"is-1-txtcol","txt":"Der Kurzfilm <em>Las Credenciales<\/em> (\u00bbThe Credentials\u00ab, 2020) unseres ehemaligen Stipendiaten Manuel Ferrari nimmt an den diesj\u00e4hrigen 67. Internationalen Kurzfilmtagen Oberhausen, die vom 1. bis 10. Mai 2021 online stattfinden, teil. Wir freuen uns mit Manuel Ferrari, dass sein Kurzfilm als einer von 40 Filmen aus 30 L\u00e4ndern f\u00fcr den Internationalen Online-Wettbewerb ausgew\u00e4hlt wurde und dr\u00fccken die Daumen!\r\n\r\nManuel Ferrari ist ein mehrfach ausgezeichneter, argentinischer Filmemacher und war 2013\/14 Stipendiat der Akademie Schloss Solitude. Neben seiner k\u00fcnstlerischen Arbeit lehrt er an der Universidad del Cine und der Universidad Nacional de La Plata\/Argentinien. W\u00e4hrend seiner Zeit an der Akademie Schloss Solitude begann Ferrari bereits mit dem Schreibprozess zu seinem zwanzigmin\u00fctigen Film <em>Las Credenciales<\/em>. Der Film erz\u00e4hlt die Geschichte von Juan, einem einfachen Mann, und seiner langen und r\u00e4tselvollen Reise von Argentinien nach Europa. Dort trifft er auf Johannes, dessen Leben nicht sehr anders zu sein scheint als das von Juan, es gleichzeitig aber doch ist.\r\n\r\nAn der Entstehung von <em>Las Credenciales<\/em> war ein weiterer ehemaliger Solitude-Stipendiat beteiligt: der Filmemacher Andreas Bolm, dessen Filme auch schon auf dem Festival in Cannes und auf der Berlinale gezeigt wurden. In <em>Las Credenciales<\/em> wirkte er nun sowohl bei der Tonproduktion als auch als Schauspieler mit.\r\n\r\nDie f\u00fcr den Internationalen Online-Wettbewerb ausgewa\u0308hlten Arbeiten werden zwischen dem 1. und 4. Mai 2021 jeweils 48 Stunden lang zur Verfu\u0308gung gestellt. Die preisgekro\u0308nten Filme werden am 9. und 10. Mai im Rahmen der Pra\u0308sentation der preisgekro\u0308nten Filme 24 Stunden lang online verfu\u0308gbar sein. Die Zahl der Zuschauer*innen ist nicht begrenzt. Das Angebot ist nur fu\u0308r Inhaber*innen eines Festivalpasses oder einer Festival-Akkreditierung zuga\u0308nglich.\r\n\r\n<a href=\"https:\/\/www.kurzfilmtage.de\/de\/fachpublikum\/#c25\">Hier geht es zur Akkreditierung.<\/a>\r\n\r\nWeitere Informationen zum Film finden Sie au\u00dferdem <a href=\"https:\/\/www.kurzfilmtage.de\/de\/film\/las-credenciales-143882\/\">hier<\/a>.\r\n\r\n<span class=\"has-font-maison-neue\" style=\"font-family: 'Maison Neue';\">Regie:<\/span> Manuel Ferrari\r\n<span class=\"has-font-maison-neue\" style=\"font-family: 'Maison Neue';\">Drehbuch:<\/span> Manuel Ferrari, Clara Picasso\r\n<span class=\"has-font-maison-neue\" style=\"font-family: 'Maison Neue';\">Kamera:<\/span> Lucas Gaynor\r\n<span class=\"has-font-maison-neue\" style=\"font-family: 'Maison Neue';\">Produktion:<\/span> Natalia de la Vega\r\n<span class=\"has-font-maison-neue\" style=\"font-family: 'Maison Neue';\">Ton:<\/span> Francisco Pedemonte, Andreas Bolm\r\n<span class=\"has-font-maison-neue\" style=\"font-family: 'Maison Neue';\">Darsteller:<\/span> Gonzalo Mart\u00ednez, Konstantin von Sichart\r\n<span class=\"has-font-maison-neue\" style=\"font-family: 'Maison Neue';\">Montage:<\/span> Manuel Ferrari, Hern\u00e1n Hevia"},{"acf_fc_layout":"content_video","acfe_flexible_layout_title":"Video \/ Film","bgcolor":"","bgcolor_custom":"","layout_col_size":8,"video_embed":"https:\/\/vimeo.com\/468196416","video":{"video_mp4":null,"video_webm":null}}],"intro_preview_headline":"","intro_preview_txt":"","intro_preview_img":28713,"news_id_old":"","news_date":"2021-04-16 00:00:00","news_taxonomy_news_type":[502],"news_txt_old":"","news_related_news":"","files":null,"related_posts_news":[6724,6720]},"_links":{"self":[{"href":"https:\/\/www.akademie-solitude.de\/de\/wp-json\/wp\/v2\/news\/28710","targetHints":{"allow":["GET"]}}],"collection":[{"href":"https:\/\/www.akademie-solitude.de\/de\/wp-json\/wp\/v2\/news"}],"about":[{"href":"https:\/\/www.akademie-solitude.de\/de\/wp-json\/wp\/v2\/types\/news"}],"author":[{"embeddable":true,"href":"https:\/\/www.akademie-solitude.de\/de\/wp-json\/wp\/v2\/users\/15"}],"acf:post":[{"embeddable":true,"href":"https:\/\/www.akademie-solitude.de\/de\/wp-json\/wp\/v2\/person\/6720"},{"embeddable":true,"href":"https:\/\/www.akademie-solitude.de\/de\/wp-json\/wp\/v2\/person\/6724"}],"acf:term":[{"embeddable":true,"taxonomy":"news_type","href":"https:\/\/www.akademie-solitude.de\/de\/wp-json\/wp\/v2\/news_type\/502"}],"wp:attachment":[{"href":"https:\/\/www.akademie-solitude.de\/de\/wp-json\/wp\/v2\/media?parent=28710"}],"wp:term":[{"taxonomy":"news_type","embeddable":true,"href":"https:\/\/www.akademie-solitude.de\/de\/wp-json\/wp\/v2\/news_type?post=28710"}],"curies":[{"name":"wp","href":"https:\/\/api.w.org\/{rel}","templated":true}]}}