{"id":29553,"date":"2021-05-26T15:01:35","date_gmt":"2021-05-26T13:01:35","guid":{"rendered":"https:\/\/www.akademie-solitude.de\/?post_type=news&#038;p=29553"},"modified":"2021-07-01T18:26:14","modified_gmt":"2021-07-01T16:26:14","slug":"necati-oeziri-ist-fuer-den-ingeborg-bachmann-preis-nominiert","status":"publish","type":"news","link":"https:\/\/www.akademie-solitude.de\/de\/news\/necati-oeziri-ist-fuer-den-ingeborg-bachmann-preis-nominiert\/","title":{"rendered":"Necati \u00d6ziri erh\u00e4lt Publikumspreis und KELAG-Preis bei den 45. Tagen der deutschsprachigen Literatur!"},"content":{"rendered":"","protected":false},"author":4,"featured_media":0,"template":"","news_type":[502],"class_list":["post-29553","news","type-news","status-publish","hentry","news_type-news"],"acf":{"bgcolor":"","bgcolor_custom":"","custom_color_css_variable":"","content_type":[{"acf_fc_layout":"content_txt","acfe_flexible_layout_title":"Text","bgcolor":"","bgcolor_custom":"","layout_col_size":8,"txt_cols":"is-1-txtcol","txt":"Die Akademie Schloss Solitude freut sich mit <u>Necati \u00d6ziri<\/u> (Stipendiat im Praxisfeld Textuell 2020\/2021) der f\u00fcr den <a href=\"http:\/\/<a href=\"https:\/\/bachmannpreis.orf.at\/\"><u>Ingeborg-Bachmann-Preis<\/u><\/a>\">Ingeborg-Bachmann-Preis<\/a> nominiert war und sowohl den Publikumspreis als auch den KELAG-Preis erh\u00e4lt! Das teilen die \u00bb45. Tage der deutschsprachigen Literatur\u00ab auf ihrer Website mit.\r\n\r\nNecati \u00d6ziri ist freischaffender Autor und Dramaturg. Er schreibt unter anderem f\u00fcr das Schauspielhaus Z\u00fcrich, das Maxim Gorki Theater, das Residenztheater M\u00fcnchen und das Nationaltheater Mannheim. Zurzeit ist er Dramaturg beim Theatertreffen der Berliner Festspiele und k\u00fcnstlerischer Leiter des Internationalen Forums, sowie Hausautor des Nationaltheater Mannheim in der Spielzeit 20\/21. Seine Texte drehen sich h\u00e4ufig um die Erfahrungen von Verlust und die Auswirkungen von politisch motivierter Gewalt auf Familien.\r\n\r\nDer Ingeborg-Bachmann-Preis wurde 1976 in Gedenken an die gleichnamige Schriftstellerin von der Stadt Klagenfurt gestiftet. Insgesamt wurden in diesem Jahr 14 Autor*innen nominiert. Der Preis gilt als eine der wichtigsten Auszeichnungen f\u00fcr deutschsprachige Literatur.\r\n\r\n\u00a0"}],"intro_preview_headline":"","intro_preview_txt":"","intro_preview_img":29558,"news_id_old":"","news_date":"2021-06-20 00:00:00","news_taxonomy_news_type":[502],"news_txt_old":"","news_related_news":[32382,32452],"files":null,"related_posts_news":[13937]},"_links":{"self":[{"href":"https:\/\/www.akademie-solitude.de\/de\/wp-json\/wp\/v2\/news\/29553","targetHints":{"allow":["GET"]}}],"collection":[{"href":"https:\/\/www.akademie-solitude.de\/de\/wp-json\/wp\/v2\/news"}],"about":[{"href":"https:\/\/www.akademie-solitude.de\/de\/wp-json\/wp\/v2\/types\/news"}],"author":[{"embeddable":true,"href":"https:\/\/www.akademie-solitude.de\/de\/wp-json\/wp\/v2\/users\/4"}],"acf:post":[{"embeddable":true,"href":"https:\/\/www.akademie-solitude.de\/de\/wp-json\/wp\/v2\/person\/13937"},{"embeddable":true,"href":"https:\/\/www.akademie-solitude.de\/de\/wp-json\/wp\/v2\/news\/32382"}],"acf:term":[{"embeddable":true,"taxonomy":"news_type","href":"https:\/\/www.akademie-solitude.de\/de\/wp-json\/wp\/v2\/news_type\/502"}],"wp:attachment":[{"href":"https:\/\/www.akademie-solitude.de\/de\/wp-json\/wp\/v2\/media?parent=29553"}],"wp:term":[{"taxonomy":"news_type","embeddable":true,"href":"https:\/\/www.akademie-solitude.de\/de\/wp-json\/wp\/v2\/news_type?post=29553"}],"curies":[{"name":"wp","href":"https:\/\/api.w.org\/{rel}","templated":true}]}}