{"id":29614,"date":"2021-06-02T16:43:34","date_gmt":"2021-06-02T14:43:34","guid":{"rendered":"https:\/\/www.akademie-solitude.de\/?post_type=news&#038;p=29614"},"modified":"2021-06-18T13:51:40","modified_gmt":"2021-06-18T11:51:40","slug":"pressemitteilung-mutations","status":"publish","type":"news","link":"https:\/\/www.akademie-solitude.de\/de\/news\/pressemitteilung-mutations\/","title":{"rendered":"Die Akademie Schloss Solitude l\u00e4dt zur Ausstellung \u00bbMutations \/\/ Mutationen\u00ab vom 18. Juni bis 1. August 2021"},"content":{"rendered":"","protected":false},"author":10,"featured_media":0,"template":"","news_type":[503],"class_list":["post-29614","news","type-news","status-publish","hentry","news_type-pressemitteilung"],"acf":{"bgcolor":"","bgcolor_custom":"","custom_color_css_variable":"","content_type":[{"acf_fc_layout":"content_txt","acfe_flexible_layout_title":"Text","bgcolor":"","bgcolor_custom":"","layout_col_size":8,"txt_cols":"is-1-txtcol","txt":"<strong>Die Ausstellung \u00bbMutations \/\/ Mutationen\u00ab ist der H\u00f6hepunkt des gleichnamigen neunmonatigen Residenzprogramms der Akademie Schloss Solitude. Die Ausstellung zeigt das kollektive Wissen, das die sieben internationalen K\u00fcnstler*innen und kreativen Denker*innen seit Oktober 2020 vor Ort und digital entwickelt haben.<\/strong> Die Struktur des Residenzprogramms \u00bbMutationen\u00ab ist einzigartig. Sie f\u00f6rdert die kollektive und kollaborative Arbeit, Forschung und Untersuchung eines bestimmten Themas und hinterfragt damit gleichzeitig die Verteilung des generierten Wissens. Die \u00bbMutationen\u00ab-Gruppe, die lange vor der aktuellen COVID-19-Pandemie entstanden ist, hat sich vorgenommen, <strong>den Begriff \u00bbMutationen\u00ab und seine vielschichtigen Auswirkungen auf gesellschaftliche, politische und wissenschaftliche Strukturen zu \u00fcberdenken<\/strong>. Die Ausstellung ist nicht nur eine direkte Antwort auf diese globalen Entwicklungen, sondern auch auf die spezifische Diskussion der Rolle der Kunst und ihrer kulturellen Bedeutung. Jede*r der sieben Stipendiat*innen betrachtet das Thema aus verschiedenen Perspektiven und bezieht sich auf das transformative Potenzial auf miteinander verbundenen Ebenen und Dimensionen \u2013 von der molekularen Ebene des Einzelnen bis hin zur Makroebene der Gesellschaft.\r\n\r\nDie Ausstellung besteht aus <strong>sieben Einzelpositionen und zwei Kooperationen<\/strong>, die sich alle mit dem Konzept Mutationen als Prozesse mit unvorhersehbaren Ergebnissen besch\u00e4ftigen: Transformation, Kontrollverlust und Irreversibilit\u00e4t, aber auch Diversit\u00e4t, Metamorphose und Hybridit\u00e4t. Es sind diese Unbestimmtheit und dieser assoziative Reichtum, die Mutationen unheimlich und attraktiv zugleich machen. Die Ausstellung besch\u00e4ftigt sich formal und inhaltlich mit der \u00bbMutation\u00ab in heterogenen biologischen, politischen und technologischen Kontexten und betont zudem Aspekte des beispiellosen historischen Zeitpunkts, der diesen Begriff in den Vordergrund ger\u00fcckt hat. <strong>Die unterschiedlichen Perspektiven und Ans\u00e4tze innerhalb der Gruppe haben bei der Ausstellung einen hohen Stellenwert und zeigen sich in Form von installativen, ortsspezifischen und immersiven Werken aus den Bereichen Multimedia, Installation, Klang und Video<\/strong>. Die Werke selbst sind Interventionen, die sich \u00fcber alle Disziplinen der Akademie Schloss Solitude erstrecken.\r\n\r\nDer thematische Fokus auf \u00bbMutationen\u00ab war auch Inspiration f\u00fcr einen <a href=\"https:\/\/www.akademie-solitude.de\/de\/project\/web-residencies\/calls-2021\/open-call\/mutations\/\">Web-Residency-Call<\/a>, der von Fellows des Residenzprogramms \u00bbMutationen\u00ab kuratiert wird und das Thema jenseits der Akademie Schloss Solitude beleuchtet.\r\n\r\nDie Ausstellung wird von einer besonderen dritten Edition des Solitude Journal begleitet. Die Stipendiat*innen des Residenzprogramms \u00bbMutationen\u00ab, die als Herausgeber des Journals fungieren, boten einen Ort und Raum f\u00fcr verschiedene Ans\u00e4tze zum Thema Mutationen. Alle eingeladenen K\u00fcnstler*innen, Kollektive, Forscher*innen und kreativen Denker*innen waren angehalten, Texte und Kunstwerke beizusteuern, die die w\u00e4hrend des Programms entwickelten Gedanken erweitern und vertiefen. Die Ausstellung und das Journal erg\u00e4nzen die Vortragsreihe (vom 22. M\u00e4rz bis 10. Mai 2021) und die Online-Plattform <a href=\"http:\/\/www.mutations.akademie-solitude.de\/\">www.mutations.akademie-solitude.de<\/a> als Ergebnisse des thematischen Residenzprogramms.\r\n\r\n\u00bbMutationen\u00ab ist eine Kooperation zwischen der <a href=\"https:\/\/www.akademie-solitude.de\/en\/themencluster\/thematical-focus-mutations\/\">Akademie Schloss Solitude<\/a>, einer internationalen und transdisziplin\u00e4ren K\u00fcnstler*innenresidenz mit Sitz in Stuttgart, und der <a href=\"https:\/\/www.kfw-stiftung.de\/kunst-kultur\/mutationen-interdisziplinaeres-residenzprogramm\">KfW Stiftung<\/a> in Frankfurt, einer unabh\u00e4ngigen und gemeinn\u00fctzigen Stiftung, die in den Themenfeldern Verantwortliches Unternehmertum, Soziales Engagement, Umwelt und Klima sowie Kunst und Kultur f\u00f6rdert. Der Schwerpunkt des Programms im Bereich Kunst und Kultur liegt auf dem interkulturellen Dialog und k\u00fcnstlerischer Produktion im globalen Kontext.\r\n\r\nAn \u00bbMutationen\u00ab nehmen folgende Stipendiat*innen teil: <strong>Sabina Hyoju Ahn<\/strong>: Medien- und Klangk\u00fcnstlerin (S\u00fcdkorea) | <strong>Angela Anderson<\/strong>: Videok\u00fcnstlerin und Forscherin (USA\/Deutschland) | <strong>Grayson Earle<\/strong>: Medienk\u00fcnstler (USA\/Deutschland) | <strong>Ana Mar\u00eda G\u00f3mez L\u00f3pez<\/strong>: K\u00fcnstlerin, Autorin und Forscherin (Kolumbien\/USA\/Niederlande) | <strong>Clara Jo<\/strong>: Videok\u00fcnstlerin (Deutschland) | <strong>Maxwell Mutanda<\/strong>: Multidisziplin\u00e4rer Forscher, bildender K\u00fcnstler und Designer (Simbabwe) | <strong>Joana Quiroga<\/strong>: Bildende K\u00fcnstlerin und Philosophin (Brasilien)."},{"acf_fc_layout":"content_txt","acfe_flexible_layout_title":"Text","bgcolor":"has-bg-blue","bgcolor_custom":"","layout_col_size":12,"txt_cols":"is-1-txtcol","txt":"<strong>Zur Ausstellung bietet die Akademie Schloss Solitude F\u00fchrungen und Gespr\u00e4che an:<\/strong>\r\n\r\n<strong>18. \u2013 20. Juni 2021:\r\n<\/strong>W\u00e4hrend des Er\u00f6ffnungswochenendes werden die K\u00fcnstler*innen vor Ort sein, um mit den Besucher*innen ins Gespr\u00e4ch zu kommen.\r\nDie genauen Uhrzeiten werden noch bekannt gegeben.\r\n\r\n<strong>20. Juni 2021, 13 Uhr:\r\n<\/strong>Rose Field, Projektkoordinatorin und Kuratorin f\u00fchrt durch die Ausstellung.\r\nDie Pl\u00e4tze sind begrenzt, eine Anmeldung ist erforderlich bis Freitag, den 18. Juni 16 Uhr,\r\nunter <a href=\"mailto:anmeldung@akademie-solitude.de\">anmeldung@akademie-solitude.de<\/a>. Die F\u00fchrung findet in <strong>englischer Sprache<\/strong> statt.\r\n\r\n<strong>20. Juni 2021, 14 Uhr:\r\n<\/strong>Rose Field, Projektkoordinatorin und Kuratorin f\u00fchrt durch die Ausstellung.\r\nDie Pl\u00e4tze sind begrenzt, eine Anmeldung ist erforderlich bis Freitag, den 18. Juni 16 Uhr,\r\nunter <a href=\"mailto:anmeldung@akademie-solitude.de\">anmeldung@akademie-solitude.de<\/a>. Die F\u00fchrung findet in <strong>deutscher Sprache<\/strong> statt.\r\n\r\n<strong>21. Juni 2021, 18\u201320 Uhr:<\/strong>\r\nEine \u00f6ffentliche Diskussion mit den am Projekt beteiligten Mutations-Stipendiat*innen und Mitarbeiter*innen sowie externen G\u00e4sten.\r\nDie Diskussion findet digital via Zoom statt.\r\n<a class=\"\" href=\"https:\/\/zoom.us\/j\/98101870413?pwd=WE1DNFJCUVdMRHlpRjZZZ1RrdWNXUT09\">https:\/\/zoom.us\/j\/98101870413?pwd=WE1DNFJCUVdMRHlpRjZZZ1RrdWNXUT09<\/a>\r\nMeeting-ID: 981 0187 0413\r\nKenncode: 731350"},{"acf_fc_layout":"content_cta","acfe_flexible_layout_title":"Link \/ Call-to-Action","bgcolor":"has-bg-red","bgcolor_custom":"","layout_col_size":6,"cta_link":{"type":"url","value":"https:\/\/www.dropbox.com\/sh\/pfbuebhs0vo6y9n\/AADD9z8BbhotK5o9HJvbU0S2a?dl=0","title":"","target":"0"},"cta_txt":"Pressefotos und Pressetexte","cta_button_txt":"Download"}],"intro_preview_headline":"","intro_preview_txt":"","intro_preview_img":29594,"news_id_old":"","news_date":"2021-06-02 00:00:00","news_taxonomy_news_type":[503],"news_txt_old":"<span style=\"text-decoration: underline;\">Digitale Pressekonferenz, 17. Juni 2021, 10 Uhr\r\n<\/span>Zur Teilnahme an der digitalen Pressekonferenz w\u00e4hlen Sie sich bitte \u00fcber Zoom ein:<span style=\"text-decoration: underline;\">\r\n<a href=\"https:\/\/zoom.us\/j\/92585647963?pwd=SDQ1T3Fubld5bCtEUHZVWERPU1Vrdz09\">https:\/\/zoom.us\/j\/92585647963?pwd=SDQ1T3Fubld5bCtEUHZVWERPU1Vrdz09<\/a>\r\n<\/span>Meeting-ID: 925 8564 7963\r\nKenncode: 253512\r\n\r\nDie \u00d6ffnungszeiten der Ausstellung sind von den geltenden COVID-19-Bestimmungen abh\u00e4ngig.\u00a0Alle Informationen finden Sie <a href=\"https:\/\/www.akademie-solitude.de\/de\/event\/ausstellung-mutations-mutationen\/\">hier<\/a>\u00a0und unter\u00a0<a href=\"https:\/\/www.mutations.akademie-solitude.de\/\">www.mutations.akademie-solitude.de<\/a>","news_related_news":[24955],"files":[{"files_file_url":29626},{"files_file_url":30344},{"files_file_url":null},{"files_file_url":30191}],"related_posts_news":[13958,13956,13955,13951,13952,13957,13187,22196]},"_links":{"self":[{"href":"https:\/\/www.akademie-solitude.de\/de\/wp-json\/wp\/v2\/news\/29614","targetHints":{"allow":["GET"]}}],"collection":[{"href":"https:\/\/www.akademie-solitude.de\/de\/wp-json\/wp\/v2\/news"}],"about":[{"href":"https:\/\/www.akademie-solitude.de\/de\/wp-json\/wp\/v2\/types\/news"}],"author":[{"embeddable":true,"href":"https:\/\/www.akademie-solitude.de\/de\/wp-json\/wp\/v2\/users\/10"}],"acf:post":[{"embeddable":true,"href":"https:\/\/www.akademie-solitude.de\/de\/wp-json\/wp\/v2\/person\/22196"},{"embeddable":true,"href":"https:\/\/www.akademie-solitude.de\/de\/wp-json\/wp\/v2\/person\/13187"},{"embeddable":true,"href":"https:\/\/www.akademie-solitude.de\/de\/wp-json\/wp\/v2\/person\/13957"},{"embeddable":true,"href":"https:\/\/www.akademie-solitude.de\/de\/wp-json\/wp\/v2\/person\/13952"},{"embeddable":true,"href":"https:\/\/www.akademie-solitude.de\/de\/wp-json\/wp\/v2\/person\/13951"},{"embeddable":true,"href":"https:\/\/www.akademie-solitude.de\/de\/wp-json\/wp\/v2\/person\/13955"},{"embeddable":true,"href":"https:\/\/www.akademie-solitude.de\/de\/wp-json\/wp\/v2\/person\/13956"},{"embeddable":true,"href":"https:\/\/www.akademie-solitude.de\/de\/wp-json\/wp\/v2\/person\/13958"},{"embeddable":true,"href":"https:\/\/www.akademie-solitude.de\/de\/wp-json\/wp\/v2\/news\/24955"}],"acf:term":[{"embeddable":true,"taxonomy":"news_type","href":"https:\/\/www.akademie-solitude.de\/de\/wp-json\/wp\/v2\/news_type\/503"}],"wp:attachment":[{"href":"https:\/\/www.akademie-solitude.de\/de\/wp-json\/wp\/v2\/media?parent=29614"}],"wp:term":[{"taxonomy":"news_type","embeddable":true,"href":"https:\/\/www.akademie-solitude.de\/de\/wp-json\/wp\/v2\/news_type?post=29614"}],"curies":[{"name":"wp","href":"https:\/\/api.w.org\/{rel}","templated":true}]}}