{"id":32152,"date":"2022-01-20T21:12:25","date_gmt":"2022-01-20T20:12:25","guid":{"rendered":"https:\/\/www.akademie-solitude.de\/?post_type=news&#038;p=32152"},"modified":"2022-01-20T22:11:21","modified_gmt":"2022-01-20T21:11:21","slug":"solidarity-is-a-verb-projekte-veroeffentlicht","status":"publish","type":"news","link":"https:\/\/www.akademie-solitude.de\/de\/news\/solidarity-is-a-verb-projekte-veroeffentlicht\/","title":{"rendered":"Projekte der Web Residencies \u00bbSolidarity is a verb\u00ab ver\u00f6ffentlicht"},"content":{"rendered":"","protected":false},"author":8,"featured_media":0,"template":"","news_type":[143,502],"class_list":["post-32152","news","type-news","status-publish","hentry","news_type-akademie","news_type-news"],"acf":{"bgcolor":"","bgcolor_custom":"","custom_color_css_variable":"","content_type":[{"acf_fc_layout":"content_txt","acfe_flexible_layout_title":"Text","bgcolor":"","bgcolor_custom":"","layout_col_size":8,"txt_cols":"is-1-txtcol","txt":"<span class=\"has-font-maison-neue\" style=\"font-family: Maison Neue;\">Was bewegt Menschen dazu, sich global off- und online zu vernetzen und gemeinsam f\u00fcr eine Sache einzustehen? Die Projekte der \u00bbSolidarity is a verb\u00ab-Web Residencies sowie begleitende Interviews sind online!<\/span>\r\n\r\nSolidarit\u00e4t als ein Konzept, das grundlegend auf Gleichgesinntheit im Sinne von Reziprozit\u00e4t, Verantwortung, Anerkennung gemeinsamer Interessen und aktivem Engagement zum Erreichen dieser beruht, hat derzeit wieder eine gro\u00dfe Pr\u00e4senz und ist zwischen zahlreichen translokalen und lokalen (K\u00fcnstler*innen-)Communitys greifbar. Mit der 16. Ausschreibung f\u00fcr Web Residencies wurden Projekte, die Bedeutungen von Solidarit\u00e4t in analoger und digitaler Form aktivieren, erproben, hinterfragen, historisieren und neugestalten, gesucht.\r\n\r\n<em>Swarm<\/em> von <span class=\"has-font-maison-neue\" style=\"font-family: Maison Neue;\">Distributed Cognition Cooperative<\/span> ist eine von Care gepr\u00e4gte (Platt-)Form, die marginalisierten K\u00fcnstler*innen, Forscher*innen und anderen Praktiker*innen bei der Entwicklung ihres Lebenslaufs oder Portfolios sowie beim Schreiben von F\u00f6rderantragen helfen soll.\r\n\r\nDie erste inhaltliche Online-Ausgabe von <span class=\"has-font-maison-neue\" style=\"font-family: Maison Neue;\">More of Us<\/span> mit dem Titel <em>Solidarity<\/em> stellt eine digitale Plattform dar, die als gemeinsamer Treffpunkt und Ort des Austauschs f\u00fcr Mitglieder verschiedener Organisationen des Globalen S\u00fcdens aufgebaut ist.\r\n\r\nDas in <em>When the Sonic Becomes Physical<\/em> von <span class=\"has-font-maison-neue\" style=\"font-family: Maison Neue;\">Castle of Crossed Destinies<\/span> entwickelte Kartenspiel stellt anhand prototypischer Karten drei Technologien aus den Bereichen Tarot Lesen, DIY Piratenradio und Rohkakao vor und wendet Leitprinzipien und Schl\u00fcsselstrukturen f\u00fcr die Verwirklichung techno-feministischer Visionen an.\r\n\r\nDie Hypertext-\/Archiv-Arbeit <em>23 August<\/em> von <span class=\"has-font-maison-neue\" style=\"font-family: Maison Neue;\">Simina Neagu<\/span> betrachtet die 4. Weltfestspiele der Jugend und Studenten neu, ein Fest, das den antikolonialen K\u00e4mpfen gewidmet war und 1953 in Bukarest stattfand.\r\n\r\nDas Projekt <em>Commons Kitchen<\/em> von <span class=\"has-font-maison-neue\" style=\"font-family: Maison Neue;\">Elia Nurvista<\/span> konzentriert sich auf die Reflexion, die Diskussion, den Aufbau diskursiver Strategien und die St\u00e4rkung der Solidarit\u00e4t unter Menschen, die unter prek\u00e4ren Bedingungen leben.\r\n\r\nMit ihrem Projekt <em>A Zero Hours Worker<\/em>, das sich zwischen politischer Agenda und dem Teilen pers\u00f6nlicher Geschichten bewegt, thematisieren <span class=\"has-font-maison-neue\" style=\"font-family: Maison Neue;\">Simona&amp;Ramona (a.k.a. Claude&amp;Dersch)<\/span> prek\u00e4re Arbeitsbedingungen wie Zeitarbeit oder Null-Stunden-Vertr\u00e4ge in Schweden und dar\u00fcber hinaus."},{"acf_fc_layout":"content_img","acfe_flexible_layout_title":"Bild(er)","bgcolor":"","bgcolor_custom":"","layout_col_size":6,"img_gallery":true,"img":[32267,32263,32259,32261,32265],"img_gallery_format":""},{"acf_fc_layout":"content_txt","acfe_flexible_layout_title":"Text","bgcolor":"","bgcolor_custom":"","layout_col_size":8,"txt_cols":"is-1-txtcol","txt":"Alle Projekte wurden im Rahmen der 16. Web Residency Ausschreibung der Akademie Schloss Solitude und ARC Bucharest \u00bbSolidarity is a verb\u00ab, kuratiert von <span class=\"has-font-maison-neue\" style=\"font-family: Maison Neue;\">Anca Rujoiu<\/span>, realisiert. Auf unserem <a href=\"https:\/\/webresidencies.akademie-solitude.de\/solidarity\/\" target=\"_blank\" rel=\"noopener\">Online Space<\/a> k\u00f6nnen Sie die aktuellen Projekte des Programms Digital Solitude besuchen.\r\n\r\nWir m\u00f6chten uns bei allen Beteiligten f\u00fcr ihre Mitarbeit bedanken: Anca Rujoiu, Radu Lesevschi, Elia Nurvista, Carolina Campuzano, Erik Tlaseca, und Rogelio Vazquez, und Teesa Bahana von More of Us, Aouefa Amoussouvi, Sasha Engelman, und Olivia Berkowicz von Castle of Crossed Destinies, Simona Dumitriu und Ramona Dima, Simina Neagu, Anna Engelhardt und Sasha Shestakova von Distributed Cognition Cooperative, Sven D\u00e4mmrig (paramon), Stephan Thiel und Anne Lippert."}],"intro_preview_headline":"","intro_preview_txt":"Die Projekte der 16. Web Residencies Ausschreibung sowie begleitende Interviews mit den K\u00fcnstler*innen finden Sie auf unserem <a href=\"https:\/\/webresidencies.akademie-solitude.de\/solidarity\/\" target=\"_blank\" rel=\"noopener\">Online Space<\/a>.","intro_preview_img":29473,"news_id_old":"","news_date":"2021-12-15 00:00:00","news_taxonomy_news_type":[143,502],"news_txt_old":"Die Projekte der 16. Web Residencies Ausschreibung sowie begleitende Interviews mit den K\u00fcnstler*innen finden Sie auf unserem <a href=\"https:\/\/webresidencies.akademie-solitude.de\/solidarity\/\" target=\"_blank\" rel=\"noopener\">Online Space<\/a>.","news_related_news":"","files":null,"related_posts_news":[31157,31161,31159,31154,31151,29491]},"_links":{"self":[{"href":"https:\/\/www.akademie-solitude.de\/de\/wp-json\/wp\/v2\/news\/32152","targetHints":{"allow":["GET"]}}],"collection":[{"href":"https:\/\/www.akademie-solitude.de\/de\/wp-json\/wp\/v2\/news"}],"about":[{"href":"https:\/\/www.akademie-solitude.de\/de\/wp-json\/wp\/v2\/types\/news"}],"author":[{"embeddable":true,"href":"https:\/\/www.akademie-solitude.de\/de\/wp-json\/wp\/v2\/users\/8"}],"acf:post":[{"embeddable":true,"href":"https:\/\/www.akademie-solitude.de\/de\/wp-json\/wp\/v2\/person\/29491"},{"embeddable":true,"href":"https:\/\/www.akademie-solitude.de\/de\/wp-json\/wp\/v2\/person\/31151"},{"embeddable":true,"href":"https:\/\/www.akademie-solitude.de\/de\/wp-json\/wp\/v2\/person\/31154"},{"embeddable":true,"href":"https:\/\/www.akademie-solitude.de\/de\/wp-json\/wp\/v2\/person\/31159"},{"embeddable":true,"href":"https:\/\/www.akademie-solitude.de\/de\/wp-json\/wp\/v2\/person\/31161"},{"embeddable":true,"href":"https:\/\/www.akademie-solitude.de\/de\/wp-json\/wp\/v2\/person\/31157"}],"acf:term":[{"embeddable":true,"taxonomy":"news_type","href":"https:\/\/www.akademie-solitude.de\/de\/wp-json\/wp\/v2\/news_type\/502"},{"embeddable":true,"taxonomy":"news_type","href":"https:\/\/www.akademie-solitude.de\/de\/wp-json\/wp\/v2\/news_type\/143"}],"wp:attachment":[{"href":"https:\/\/www.akademie-solitude.de\/de\/wp-json\/wp\/v2\/media?parent=32152"}],"wp:term":[{"taxonomy":"news_type","embeddable":true,"href":"https:\/\/www.akademie-solitude.de\/de\/wp-json\/wp\/v2\/news_type?post=32152"}],"curies":[{"name":"wp","href":"https:\/\/api.w.org\/{rel}","templated":true}]}}