{"id":32153,"date":"2022-01-20T21:10:06","date_gmt":"2022-01-20T20:10:06","guid":{"rendered":"https:\/\/www.akademie-solitude.de\/?post_type=news&#038;p=32153"},"modified":"2022-01-25T13:17:12","modified_gmt":"2022-01-25T12:17:12","slug":"kinga-toth-und-silvia-rosani-erhalten-hannsmann-poethen-stipendium","status":"publish","type":"news","link":"https:\/\/www.akademie-solitude.de\/de\/news\/kinga-toth-und-silvia-rosani-erhalten-hannsmann-poethen-stipendium\/","title":{"rendered":"Kinga T\u00f3th und Silvia Rosani erhalten Hannsmann-Poethen-Stipendium"},"content":{"rendered":"","protected":false},"author":8,"featured_media":0,"template":"","news_type":[502],"class_list":["post-32153","news","type-news","status-publish","hentry","news_type-news"],"acf":{"bgcolor":"","bgcolor_custom":"","custom_color_css_variable":"","content_type":[{"acf_fc_layout":"content_txt","acfe_flexible_layout_title":"Text","bgcolor":"","bgcolor_custom":"","layout_col_size":8,"txt_cols":"is-1-txtcol","txt":"<span class=\"has-font-maison-neue\" style=\"font-family: Maison Neue;\">Die F\u00f6rderung transdisziplin\u00e4rer und nachhaltiger Kollaborationen ist ein wichtiger Aspekt der K\u00fcnstler*innenf\u00f6rderung an der Akademie Schloss Solitude. Daher freuen wir uns besonders \u00fcber die Vergabe des Hannsmann-Poethen-Stipendiums 2022 an die beiden ehemaligen Stipendiatinnen <a href=\"https:\/\/www.akademie-solitude.de\/de\/person\/kinga-toth\/\">Kinga T\u00f3th<\/a> und <a href=\"https:\/\/www.akademie-solitude.de\/de\/person\/silvia-rosani\/\">Silvia Rosani<\/a> f\u00fcr deren gemeinsames Projekt <em>Electrical Jungles<\/em>.<\/span>\r\n\r\nDas Hannsmann-Poethen-Literaturstipendium wird von der Landeshauptstadt Stuttgart j\u00e4hrlich an ein Tandem der literarisch-k\u00fcnstlerischen Zusammenarbeit verliehen. Ein*e Autor*in und ein*e K\u00fcnstler*in einer anderen Sparte erhalten die F\u00f6rderung f\u00fcr ein gemeinsames Projekt.\r\n\r\n<span class=\"has-font-maison-neue\" style=\"font-family: Maison Neue;\">Kinga T\u00f3th<\/span> ist Autorin, Musikerin und Performerin sowie Journalistin und Sprachwissenschaftlerin. Als Stipendiatin des Osteurop\u00e4ischen Netzwerk traf sie 2013 an der Solitude auf die Komponistin und damalige Kooperationsstipendiatin <span class=\"has-font-maison-neue\" style=\"font-family: Maison Neue;\">Silvia Rosani<\/span>. Im Rahmen des nun verliehenen transdisziplin\u00e4ren Literaturstipendiums besch\u00e4ftigen sich die beiden K\u00fcnstlerinnen mit feministischen Reaktionen auf m\u00e4nnlich dominierte Gesellschaftsstrukturen. Dabei setzen sie sich mit dem weiblichen K\u00f6rper und digitalen Darstellungen nonverbaler weiblicher Kommunikation auseinander.\r\n\r\nWeitere Informationen zum Stipendium und dem Projektvorhaben <em>Electrical Jungles<\/em> finden Sie <a href=\"https:\/\/www.stuttgart.de\/hannsmann-poethen-literaturstipendium\" target=\"_blank\" rel=\"noopener\">hier<\/a>."},{"acf_fc_layout":"content_img","acfe_flexible_layout_title":"Bild(er)","bgcolor":"","bgcolor_custom":"","layout_col_size":8,"img_gallery":true,"img":[32239,32249,32245,32252],"img_gallery_format":"is-3by2"}],"intro_preview_headline":"","intro_preview_txt":"","intro_preview_img":32237,"news_id_old":"","news_date":"2022-01-10 00:00:00","news_taxonomy_news_type":[502],"news_txt_old":"","news_related_news":"","files":null,"related_posts_news":""},"_links":{"self":[{"href":"https:\/\/www.akademie-solitude.de\/de\/wp-json\/wp\/v2\/news\/32153","targetHints":{"allow":["GET"]}}],"collection":[{"href":"https:\/\/www.akademie-solitude.de\/de\/wp-json\/wp\/v2\/news"}],"about":[{"href":"https:\/\/www.akademie-solitude.de\/de\/wp-json\/wp\/v2\/types\/news"}],"author":[{"embeddable":true,"href":"https:\/\/www.akademie-solitude.de\/de\/wp-json\/wp\/v2\/users\/8"}],"acf:term":[{"embeddable":true,"taxonomy":"news_type","href":"https:\/\/www.akademie-solitude.de\/de\/wp-json\/wp\/v2\/news_type\/502"}],"wp:attachment":[{"href":"https:\/\/www.akademie-solitude.de\/de\/wp-json\/wp\/v2\/media?parent=32153"}],"wp:term":[{"taxonomy":"news_type","embeddable":true,"href":"https:\/\/www.akademie-solitude.de\/de\/wp-json\/wp\/v2\/news_type?post=32153"}],"curies":[{"name":"wp","href":"https:\/\/api.w.org\/{rel}","templated":true}]}}