{"id":34532,"date":"2022-09-13T18:54:54","date_gmt":"2022-09-13T16:54:54","guid":{"rendered":"https:\/\/www.akademie-solitude.de\/?post_type=news&#038;p=34532"},"modified":"2022-09-17T14:46:36","modified_gmt":"2022-09-17T12:46:36","slug":"acting-care-eine-vorstellung-auf-der-wiese-eine-zweitaegige-veranstaltung-in-fuenf-akten","status":"publish","type":"news","link":"https:\/\/www.akademie-solitude.de\/de\/news\/acting-care-eine-vorstellung-auf-der-wiese-eine-zweitaegige-veranstaltung-in-fuenf-akten\/","title":{"rendered":"\u00bbActing Care! Eine Vorstellung auf der Wiese\u00ab \u2013 Eine zweit\u00e4gige Veranstaltung in f\u00fcnf Akten"},"content":{"rendered":"","protected":false},"author":8,"featured_media":0,"template":"","news_type":[502,503],"class_list":["post-34532","news","type-news","status-publish","hentry","news_type-news","news_type-pressemitteilung"],"acf":{"bgcolor":"","bgcolor_custom":"","custom_color_css_variable":"","content_type":[{"acf_fc_layout":"content_txt","acfe_flexible_layout_title":"Text","bgcolor":"","bgcolor_custom":"","layout_col_size":8,"txt_cols":"is-1-txtcol","txt":"Die grassierende Klimakrise, die anhaltende Corona-Pandemie sowie zunehmende Spaltungen innerhalb der Gesellschaft offenbaren nur zu deutlich, welche Stellung das Sorgetragen in der heutigen Welt einnimmt und welche sie tats\u00e4chlich beanspruchen m\u00fcsste. Initiativen f\u00fcr mehr Naturschutz, unterbezahlte Pflegekr\u00e4fte oder die F\u00fcrsorge f\u00fcr Gefl\u00fcchtete \u2013 Care-Arbeiter*innen leisten deutlich sichtbar eine immer bedeutungsvollere Arbeit und werden dennoch immer unsichtbarer. Wie k\u00f6nnen wir in diesem Moment der Krise ein gemeinsames Verantwortungsbewusstsein schaffen, um Achtsamkeit und die Pflege von Mensch und Natur wieder in den Mittelpunkt unseres Zusammenlebens zu r\u00fccken? Wie k\u00f6nnen wir einen neuen Auftakt begehen in ein unbekanntes \u00dcbermorgen als f\u00fcrsorgende Gemeinschaft?\r\n\r\nAm <span class=\"has-font-maison-neue\" style=\"font-family: Maison Neue;\">24. und 25. September<\/span> l\u00e4dt das Stuttgarter Architektenduo <a href=\"https:\/\/www.akademie-solitude.de\/de\/person\/bureau-baubotanik\/\" target=\"_blank\" rel=\"noopener\">Bureau Baubotanik<\/a> mit dem Auftakt ihres Projekts <a href=\"https:\/\/www.akademie-solitude.de\/de\/event\/acting-care\/\" target=\"_blank\" rel=\"noopener\"><em>Acting Care! Eine Vorstellung auf der Wiese<\/em><\/a> genau zu diesem Ausprobieren eines neuen Miteinanders ein. In Bad Boll inszenieren die beiden Architekten Hannes Schwertfeger und Oliver Storz mit den K\u00fcnstler*innen <a href=\"https:\/\/www.akademie-solitude.de\/de\/person\/niki-matita\/\" target=\"_blank\" rel=\"noopener\">Niki Matita<\/a> und <a href=\"https:\/\/www.akademie-solitude.de\/de\/person\/florian-model-2\/\" target=\"_blank\" rel=\"noopener\">Florian Model<\/a> eine Wiese, die als Spielst\u00e4tte f\u00fcr alle Interessierten aus Nah und Fern den Ansto\u00df gibt, gemeinsam die Zukunft einer neuen Kultur der F\u00fcrsorge im \u00f6ffentlichen Raum zu erproben.\r\n\r\n<span class=\"has-font-maison-neue\" style=\"font-family: Maison Neue;\">Im Mittelpunkt von <em>Acting Care!<\/em> stehen 60 Winterlinden, die \u00fcber einen Zeitraum von f\u00fcnf bis zehn Jahren miteinander verwachsen und technische Bauteile \u00fcberwallen.<\/span> Durch die Verwachsungen k\u00f6nnen die einzelnen B\u00e4ume so ein lebendes biologisches System bilden, das sich gegenseitig versorgt. <span class=\"has-font-maison-neue\" style=\"font-family: Maison Neue;\">Ziel dieses Experiments ist es, eine Freifl\u00e4che und einen Ort zu schaffen, der den B\u00fcrger*innen und Besucher*innen der Gemeinde in Bad Boll die M\u00f6glichkeit bietet, gemeinsam ihre W\u00fcnsche und Vorstellungen f\u00fcr die Zukunft verhandeln und erproben zu k\u00f6nnen.<\/span> Als B\u00fchne kann die Wiese so nicht nur zu einem Ort der Bildung werden, sondern auch zur Weiterentwicklung von Kulturtechniken mit offenem Ausgang einladen.\r\n\r\nZusammen mit unseren Projektpartner*innen \u2013 der Kommune Bad Boll, der KulturRegion Stuttgart, der WALA Heilmittel GmbH, der Evangelischen Akademie Bad Boll, der Stiftung Lebenshilfe Zollernalb und dem K\u00fcnstlerduo <a href=\"https:\/\/www.akademie-solitude.de\/de\/person\/maren-antonia-geers\/\" target=\"_blank\" rel=\"noopener\">Maren Geers<\/a>\/Thomas Drescher \u2013 m\u00f6chten wir Sie sehr herzlich dazu einladen, das Sorgetragen wieder in den Mittelpunkt unseres Zusammenlebens zu r\u00fccken. Wir freuen uns auf Ihren Besuch!\r\n\r\nDer Eintritt ist frei. Die Veranstaltung findet in deutscher Sprache statt.\r\n\r\nAnmeldungen\u00a0sind unter\u00a0<a href=\"mailto:tourismusbuero@bad-boll.de\">tourismusbuero@bad-boll.de<\/a>\u00a0oder 07164 808 28 m\u00f6glich. F\u00fcr\u00a0Fragen zur Teilnahme\u00a0k\u00f6nnen Sie sich gerne an Katharina Meding wenden:\u00a0<a href=\"mailto:km@bureau-baubotanik.de\">km@bureau-baubotanik.de<\/a> oder 0711 460 59 75 0.\r\n\r\nInformationen zur Anreise ab Stuttgart:\r\n\r\n<span class=\"\">Sie erreichen Bad Boll mit der Regionalbahn ab HBF Stuttgart mit der Bahn MEX16 in Richtung Geislingen (Steige). Ab G\u00f6ppingen ZOB ist <span class=\"has-font-maison-neue\" style=\"font-family: Maison Neue;\">ein Busshuttle f\u00fcr Sie im Einsatz am Samstag, den 24.9. um 13.10 Uhr und um 18.10 Uhr und am Sonntag, den 25.9. um 9.10 Uhr<\/span>. Dieser Shuttle wird Sie dann auch wieder nach G\u00f6ppingen bringen. Von hier k\u00f6nnen Sie f\u00fcr den Weg zur\u00fcck nach Stuttgart den RE5 in Richtung Stuttgart HBF nehmen.\u00a0<\/span><span class=\"\">F\u00fcr Fragen zum Busshuttle und zur Anfahrt k\u00f6nnen Sie sich gerne an das Tourismusb\u00fcro Bad Boll wenden:\u00a0<\/span><span style=\"text-decoration: underline;\"><a class=\"\" href=\"mailto:tourismusbuero@bad-boll.de\">tourismusbuero@bad-boll.de<\/a><\/span><span class=\"\"><span style=\"text-decoration: underline;\">\u00a0<\/span>oder 07164 808 28<\/span>"},{"acf_fc_layout":"content_txt","acfe_flexible_layout_title":"Text","bgcolor":"has-bg-grey","bgcolor_custom":"rgb(255,246,83)","layout_col_size":12,"txt_cols":"is-1-txtcol","txt":"<span class=\"has-font-maison-neue has-font-maison-neue-extended\" style=\"font-family: Maison Neue Extended;\">PROGRAMM<\/span>\r\n\r\n<span style=\"text-decoration: underline;\"><span class=\"has-font-maison-neue\" style=\"font-family: Maison Neue;\">Samstag, den 24. September 2022<\/span><\/span>\r\n\r\n<span class=\"has-font-maison-neue\" style=\"font-family: Maison Neue;\">10 bis 12.30 Uhr | Akt I \u00bbDie Zukunft der Arbeit stellt sich vor\u00ab<\/span>\r\nWiese an der Badstra\u00dfe 62, Bad Boll\r\n\r\nDie Auff\u00fchrung beginnt mit einem offenen Workshop unter Anleitung von Florian Model zum Thema \u00bbArbeit\u00ab im Vorstellungsraum des Experimentierfelds. Die Gespr\u00e4chsrunde handelt von Arbeitsbedingungen im Allgemeinen und von der Technik des Spiels als Form des Miteinanders im Speziellen. Hier trifft Arbeitsklima auf Freiraum, radikale Umbr\u00fcche auf ein utopisches Philosophieren. Psycholog*innen sprechen mit Berater*innen und Betriebsr\u00e4t*innen \u2013 eine Spielgruppe st\u00f6\u00dft hinzu.\r\n\r\n&nbsp;\r\n\r\n<span class=\"has-font-maison-neue\" style=\"font-family: Maison Neue;\">14 bis 15.30 Uhr |\u00a0Akt II \u00bbSorge tragen mit anderen\u00ab<\/span>\r\nEvangelische Akademie Bad Boll, Akademieweg 11\r\n\r\nIm zweiten Akt wird die baubotanische Care-Arbeit in Form eines K\u00fcnstlergespr\u00e4chs an der Evangelischen Akademie Bad Boll vorgestellt und durch eine kurze Filmdokumentation der Videografin Sabrina Schray pr\u00e4sentiert. Unter dem Motto \u00bbWo ist eigentlich der \u00f6ffentliche Raum in Bad Boll oder zur Erforschung des Wuchsverhaltens von Winterlinden\u00ab laden hier alle am Projekt beteiligten K\u00fcnstler*innen zur \u00f6ffentlichen Diskussion.\r\n\r\n&nbsp;\r\n\r\n<span class=\"has-font-maison-neue\" style=\"font-family: Maison Neue;\">16 bis 18 Uhr |\u00a0Akt III \u00bbSolidarit\u00e4t macht Arbeit\u00ab\r\n<\/span>Wiese an der Badstra\u00dfe 62, Bad Boll\r\n\r\nIm dritten Akt moderiert die K\u00fcnstlerin und Kulturanthropologin Niki Matita ein Werkstattgespr\u00e4ch zum Thema \u00bbSolidarit\u00e4t macht Arbeit\u00ab mit konkret Betroffenen und am Projekt beteiligten CARE-Arbeiter*innen, die hier im performativen Vorstellungsraum ebenso wie im \u00c4ther eine Stimme erhalten. Besucher*innen der Wiese werden mit einer anschlie\u00dfend installierten Audioarbeit zum aktiven Zuh\u00f6ren angeregt, sich mit ungewohnten Zukunftsversprechen auseinanderzusetzen.\r\n\r\n&nbsp;\r\n\r\n<span class=\"has-font-maison-neue\" style=\"font-family: Maison Neue;\">19 bis 21.30 Uhr | Akt IV \u00bbCARE \u2013\u00a0Das C im ABC der Regionen formuliert sich\u00ab<\/span>\r\nAula des Laborgeb\u00e4udes der WALA Heilmittel GmbH, Badwasen 2\r\n\r\nDer vierte Akt bildet den Abschluss des ersten Programmtages und diskutiert die Kenntnisse und Erkenntnisse aus den vorherigen Akten innerhalb einer Podiumssitzung. Unter professioneller psychoanalytischer Moderation und Begleitung er\u00f6rtern die Beteiligten den Begriff der Pflege und bringen zu einer gezielten Fragestellung zum Thema Pflege ihre Positionen mit.\r\n\r\n&nbsp;\r\n\r\n<span style=\"text-decoration: underline;\"><span class=\"has-font-maison-neue\" style=\"font-family: Maison Neue;\">Sonntag, den 25. September 2022<\/span><\/span>\r\n\r\n<span class=\"has-font-maison-neue\" style=\"font-family: Maison Neue;\">10 bis 13 Uhr | Akt V \u00bbZuk\u00fcnftige Diplomat*innen treffen sich\u00ab\r\n<\/span>Evangelische Akademie Bad Boll &amp; Wiese an der Badstra\u00dfe 62, Bad Boll\r\n\r\nDer letzte Akt am Sonntagvormittag ist als Treffen f\u00fcr alle gestaltet, bei dem sich zuk\u00fcnftige Diplomat*innen f\u00fcr das Unbekannte zusammenfinden. K\u00fcnstler*innen treffen hier auf regionale und externe Fachreferent*innen. Interessenvertreter*innen der beteiligten Institutionen begegnen Entscheidungstr\u00e4ger*innen aus der Region und Mitarbeiter*innen aus ihrer Verwaltung \u2013 \u00fcberhaupt diskutiert Fremd mit Nah, selbstredend immer \u00bbUnder Utopia\u00ab."},{"acf_fc_layout":"content_txt","acfe_flexible_layout_title":"Text","bgcolor":"","bgcolor_custom":"","layout_col_size":8,"txt_cols":"is-1-txtcol","txt":"<em>Acting Care!<\/em> ist eine Produktion des Bureau Baubotanik im Rahmen des Festivals \u00dcBER:MORGEN der KulturRegion Stuttgart und findet statt in Kooperation mit der Kommune Bad Boll, der WALA Heilmittel GmbH, der Evangelischen Akademie Bad Boll, der Stiftung Lebenshilfe Zollernalb und des Stipendienprogramms Stipendienprogramms \u00bbUnder Utopia\u00ab der Akademie Schloss Solitude und des K\u00fcnstlerduos Geers\/Drescher."},{"acf_fc_layout":"content_img","acfe_flexible_layout_title":"Bild(er)","bgcolor":"","bgcolor_custom":"","layout_col_size":8,"img_gallery":false,"img":[34535],"img_gallery_format":""}],"intro_preview_headline":"","intro_preview_txt":"Am 24. und 25. September l\u00e4dt das Stuttgarter Architektenduo Bureau Baubotanik mit dem Auftakt ihres Projekts \u00bbActing Care! Eine Vorstellung auf der Wiese\u00ab zum Ausprobieren eines neuen Miteinanders ein. In Bad Boll inszenieren die beiden Architekten Hannes Schwertfeger und Oliver Storz mit den K\u00fcnstler*innen Niki Matita und Florian Model eine Wiese, die als Spielst\u00e4tte f\u00fcr alle Interessierten aus Nah und Fern den Ansto\u00df gibt, gemeinsam die Zukunft einer neuen Kultur der F\u00fcrsorge im \u00f6ffentlichen Raum zu erproben.","intro_preview_img":34355,"news_id_old":"","news_date":"2022-09-13 00:00:00","news_taxonomy_news_type":[502,503],"news_txt_old":"Mit Werkstatt-Gespr\u00e4chen, k\u00fcnstlerischen Rundg\u00e4ngen, einer psychoanalytisch angeleiteten Panelrunde und einem Diplomat*innentreffen f\u00fcr eine Botschaft des Unbekannten","news_related_news":"","files":[{"files_file_url":34533}],"related_posts_news":[31856,31853,31857]},"_links":{"self":[{"href":"https:\/\/www.akademie-solitude.de\/de\/wp-json\/wp\/v2\/news\/34532","targetHints":{"allow":["GET"]}}],"collection":[{"href":"https:\/\/www.akademie-solitude.de\/de\/wp-json\/wp\/v2\/news"}],"about":[{"href":"https:\/\/www.akademie-solitude.de\/de\/wp-json\/wp\/v2\/types\/news"}],"author":[{"embeddable":true,"href":"https:\/\/www.akademie-solitude.de\/de\/wp-json\/wp\/v2\/users\/8"}],"acf:post":[{"embeddable":true,"href":"https:\/\/www.akademie-solitude.de\/de\/wp-json\/wp\/v2\/person\/31857"},{"embeddable":true,"href":"https:\/\/www.akademie-solitude.de\/de\/wp-json\/wp\/v2\/person\/31853"},{"embeddable":true,"href":"https:\/\/www.akademie-solitude.de\/de\/wp-json\/wp\/v2\/person\/31856"}],"acf:term":[{"embeddable":true,"taxonomy":"news_type","href":"https:\/\/www.akademie-solitude.de\/de\/wp-json\/wp\/v2\/news_type\/503"},{"embeddable":true,"taxonomy":"news_type","href":"https:\/\/www.akademie-solitude.de\/de\/wp-json\/wp\/v2\/news_type\/502"}],"wp:attachment":[{"href":"https:\/\/www.akademie-solitude.de\/de\/wp-json\/wp\/v2\/media?parent=34532"}],"wp:term":[{"taxonomy":"news_type","embeddable":true,"href":"https:\/\/www.akademie-solitude.de\/de\/wp-json\/wp\/v2\/news_type?post=34532"}],"curies":[{"name":"wp","href":"https:\/\/api.w.org\/{rel}","templated":true}]}}