{"id":45063,"date":"2026-04-07T16:12:52","date_gmt":"2026-04-07T14:12:52","guid":{"rendered":"https:\/\/www.akademie-solitude.de\/?post_type=news&#038;p=45063"},"modified":"2026-04-23T11:00:09","modified_gmt":"2026-04-23T09:00:09","slug":"gruppenausstellung-dreaming-beyond-ai-portals-behind-the-algorithm-in-der-ifa-galerie-stuttgart-mit-arbeiten-der-aktuellen-und-ehemaligen-solitude-stipendiatinnen-hiba-ali-und-mac-andre","status":"publish","type":"news","link":"https:\/\/www.akademie-solitude.de\/de\/news\/gruppenausstellung-dreaming-beyond-ai-portals-behind-the-algorithm-in-der-ifa-galerie-stuttgart-mit-arbeiten-der-aktuellen-und-ehemaligen-solitude-stipendiatinnen-hiba-ali-und-mac-andre\/","title":{"rendered":"Gruppenausstellung \u00bbDreaming Beyond AI: Portals Behind the Algorithm\u00ab mit Hiba Ali &#038; Mac Andre Arboleda"},"content":{"rendered":"","protected":false},"author":8,"featured_media":0,"template":"","news_type":[502],"class_list":["post-45063","news","type-news","status-publish","hentry","news_type-news"],"acf":{"bgcolor":"","bgcolor_custom":"","custom_color_css_variable":"","content_type":[{"acf_fc_layout":"content_txt","_acfe_flexible_layout_title":null,"acfe_flexible_layout_title":"Text","bgcolor":"has-bg-custom","bgcolor_custom":"rgb(255,255,255)","layout_col_size":12,"txt_cols":"is-1-txtcol","txt":"Die Gruppenausstellung <em>Dreaming Beyond AI: Portals Behind the Algorithm<\/em> wird in der ifa-Galerie Stuttgart gezeigt mit unter anderem Arbeiten der aktuellen und ehemaligen Solitude-Stipendiat*innen Hiba Ali und Mac Andre Arboleda.\r\n\r\n<strong>Die Ausstellung <em>Dreaming Beyond AI <\/em>in der ifa-Galerie Stuttgart wird aus betrieblichen Gr\u00fcnden verschoben. Die ifa-Galerie informiert zeitnah \u00fcber den neuen Er\u00f6ffnungstermin.<\/strong>\r\n\r\n<a class=\"x_link-build-content\" title=\"https:\/\/09oor.mjt.lu\/lnk\/Ac4AABOWjrEAAAAAAAAAAF97h6sAAAADRvgAAAAAACTSxwBp1N4GP6U-wK4UTv6oX_TVXaL3XAAib8U\/12\/3FIIRJY3j78Y_cs94E_j9Q\/aHR0cHM6Ly93d3cuYWthZGVtaWUtc29saXR1ZGUuZGUvZGUvcGVyc29uL2hpYmEtYWxpLw\" href=\"https:\/\/09oor.mjt.lu\/lnk\/Ac4AABOWjrEAAAAAAAAAAF97h6sAAAADRvgAAAAAACTSxwBp1N4GP6U-wK4UTv6oX_TVXaL3XAAib8U\/12\/3FIIRJY3j78Y_cs94E_j9Q\/aHR0cHM6Ly93d3cuYWthZGVtaWUtc29saXR1ZGUuZGUvZGUvcGVyc29uL2hpYmEtYWxpLw\" target=\"_blank\" rel=\"noopener noreferrer\" data-auth=\"NotApplicable\" data-linkindex=\"11\"><u>Hiba Ali<\/u><\/a> ist derzeit Stipendiat*in im Praxisfeld Digital und zeigt die Arbeit <em>Watering the Somatic Oasis<\/em>.\r\n\r\n<i data-olk-copy-source=\"MessageBody\">Watering the Somatic Oasis<\/i> ist ein VR-Projekt, das die Unmittelbarkeit von Technologien und somatischen Techniken nutzt, um ein Gef\u00fchl von Langsamkeit zu erzeugen. Die Betrachter sind eingeladen, das VR-Headset aufzusetzen und sich auf die gef\u00fchrte Meditation einzustimmen. Durch die Stimulation mit digitalem Wasser und bilateralen Bewegungstechniken bringt dieses Projekt durch die Regulierung des Nervensystems die Langsamkeit zur\u00fcck in unseren K\u00f6rper.\r\n\r\nHiba Ali pr\u00e4sentiert digitale Kunst in Form von immersiven digitalen Umgebungen, skulpturalen Installationen, bewegten Bildern, Kleidungsst\u00fccken und Klang. Hiba Ali nutzt Virtual Reality, 3D-Animation und Augmented Reality, um die Zeit zu verlangsamen und Orte des Trostes und der F\u00fcrsorge zu schaffen.\r\n\r\n<a href=\"https:\/\/www.akademie-solitude.de\/en\/person\/mac-andre-arboleda\/\">Mac Andre Arboleda<\/a> ist ein philippinischer K\u00fcnstler, der den digitalen Raum durch Forschung und Aktivismus f\u00fcr digitale Rechte erforscht, mit einem Schwerpunkt auf Internetfreiheit.\r\n\r\nDie Ausstellung <i>Dreaming Beyond AI: Portals Behind the Algorithm<\/i> untersucht, wie Algorithmen den Alltag pr\u00e4gen \u2013 indem sie Aufmerksamkeit auf sich ziehen, Informationen filtern und Entscheidungen beeinflussen \u2013, und beleuchtet dabei kritisch die in diesen Technologien verankerten Machtstrukturen, wie koloniale Hinterlassenschaften, Rohstoffraubbau und Voreingenommenheit."},{"acf_fc_layout":"content_txt","_acfe_flexible_layout_title":null,"acfe_flexible_layout_title":"Text","bgcolor":"has-bg-yellow","bgcolor_custom":"","layout_col_size":12,"txt_cols":"is-1-txtcol","txt":""}],"intro_preview_headline":"","intro_preview_txt":"","intro_preview_img":45066,"news_id_old":"","news_date":"2026-04-02 00:00:00","news_taxonomy_news_type":[502],"news_txt_old":"","news_related_news":"","files":null,"related_posts_news":[43002,30303]},"_links":{"self":[{"href":"https:\/\/www.akademie-solitude.de\/de\/wp-json\/wp\/v2\/news\/45063","targetHints":{"allow":["GET"]}}],"collection":[{"href":"https:\/\/www.akademie-solitude.de\/de\/wp-json\/wp\/v2\/news"}],"about":[{"href":"https:\/\/www.akademie-solitude.de\/de\/wp-json\/wp\/v2\/types\/news"}],"author":[{"embeddable":true,"href":"https:\/\/www.akademie-solitude.de\/de\/wp-json\/wp\/v2\/users\/8"}],"acf:post":[{"embeddable":true,"href":"https:\/\/www.akademie-solitude.de\/de\/wp-json\/wp\/v2\/person\/30303"},{"embeddable":true,"href":"https:\/\/www.akademie-solitude.de\/de\/wp-json\/wp\/v2\/person\/43002"}],"acf:term":[{"embeddable":true,"taxonomy":"news_type","href":"https:\/\/www.akademie-solitude.de\/de\/wp-json\/wp\/v2\/news_type\/502"}],"wp:attachment":[{"href":"https:\/\/www.akademie-solitude.de\/de\/wp-json\/wp\/v2\/media?parent=45063"}],"wp:term":[{"taxonomy":"news_type","embeddable":true,"href":"https:\/\/www.akademie-solitude.de\/de\/wp-json\/wp\/v2\/news_type?post=45063"}],"curies":[{"name":"wp","href":"https:\/\/api.w.org\/{rel}","templated":true}]}}