{"id":45150,"date":"2026-04-29T17:58:55","date_gmt":"2026-04-29T15:58:55","guid":{"rendered":"https:\/\/www.akademie-solitude.de\/?post_type=news&#038;p=45150"},"modified":"2026-04-29T17:58:55","modified_gmt":"2026-04-29T15:58:55","slug":"solitude-stipendiat-mert-morali-ist-teil-des-events-die-lange-nacht-der-musik-von-zuhause","status":"publish","type":"news","link":"https:\/\/www.akademie-solitude.de\/de\/news\/solitude-stipendiat-mert-morali-ist-teil-des-events-die-lange-nacht-der-musik-von-zuhause\/","title":{"rendered":"Solitude-Stipendiat Mert Moral\u0131 ist Teil des Events \u00bbDie Lange Nacht der Musik von Zuhause\u00ab"},"content":{"rendered":"","protected":false},"author":8,"featured_media":0,"template":"","news_type":[502],"class_list":["post-45150","news","type-news","status-publish","hentry","news_type-news"],"acf":{"bgcolor":"","bgcolor_custom":"","custom_color_css_variable":"","content_type":[{"acf_fc_layout":"content_txt","_acfe_flexible_layout_title":null,"acfe_flexible_layout_title":"Text","bgcolor":"has-bg-custom","bgcolor_custom":"rgb(255,255,255)","layout_col_size":12,"txt_cols":"is-1-txtcol","txt":"Wir freuen uns \u00fcber die Zusammenarbeit von Mert Moral\u0131 (Stipendiat 2025\/2026) mit der Staatsoper Stuttgart, die w\u00e4hrend seines Stipendium an der Akademie Schloss Solitude entstanden ist.\r\n\r\nMert Moral\u0131 ist mit der Urauff\u00fchrung seines neuen Werks <em>Immobilities<\/em> Teil der Veranstaltung <em>Die Lange Nacht der Musik von Zuhause.\u00a0<\/em>\r\n<p class=\"p1\">Musik ist Bewegung \u2013 ein Ton entsteht durch eine Bewegung, er wandert durch den Raum, trifft auf ein Gegen\u00fcber und l\u00f6st in ihm etwas aus: Freude oder Trauer, Sehnsucht oder Wehmut, Gl\u00fcck oder Unbehagen. Musik bewegt uns Menschen. Mit <em>Immobilities<\/em> geht \u00a0Moral\u0131 noch einen Schritt weiter und l\u00e4sst die Bewegungen des Publikums direkt in seine Musik einflie\u00dfen.<\/p>\r\n<p class=\"p1\">In <em data-start=\"3\" data-end=\"17\">Immobilities<\/em> reagieren die Musiker*innen spontan auf ihre Umgebung, das Publikum und dessen Bewegungen und verwandeln diese Eindr\u00fccke in Klang. Gleichzeitig sind sie durch ihre Instrumente und das technische Setup r\u00e4umlich stark eingeschr\u00e4nkt. Daraus entsteht ein Spannungsverh\u00e4ltnis zwischen \u00e4u\u00dferer Bewegung und eigener Unbeweglichkeit. Moral\u0131 zeichnet so das Bild von Menschen, die in einer dynamischen, schnelllebigen Welt viele Impulse wahrnehmen, sich ihr aber nicht anschlie\u00dfen k\u00f6nnen. Im Kontext von <em>Migration<\/em> richtet das Werk den Blick auf jene, die zur\u00fcckbleiben: Auch sie bleiben von den Ver\u00e4nderungen um sie herum nicht unber\u00fchrt, obwohl sie selbst an ihrem Ort verharren.<\/p>"},{"acf_fc_layout":"content_txt","_acfe_flexible_layout_title":null,"acfe_flexible_layout_title":"Text","bgcolor":"has-bg-yellow","bgcolor_custom":"","layout_col_size":12,"txt_cols":"is-1-txtcol","txt":"<strong>Wann:<\/strong> 30. April, 22 Uhr\r\n<strong>Wo:<\/strong> W\u00fcrttembergischer Kunstverein Stuttgart, Schlossplatz 2, 70173 Stuttgart\r\n<strong><a href=\"https:\/\/www.staatsoper-stuttgart.de\/spielplan\/kalender\/die-lange-nacht-der-musik-von-zuhause\/9393\/\">Tickets und weitere Infos gibt es hier<\/a><\/strong>\r\n\r\nDas Event ist eine Veranstaltung der Staatsoper Stuttgart in Kooperation mit dem Landesmuseum W\u00fcrttemberg, dem Haus der Geschichte Baden-W\u00fcrttemberg und dem W\u00fcrttembergischen Kunstverein Stuttgart."}],"intro_preview_headline":"","intro_preview_txt":"","intro_preview_img":41809,"news_id_old":"","news_date":"2026-04-28 00:00:00","news_taxonomy_news_type":[502],"news_txt_old":"","news_related_news":"","files":null,"related_posts_news":[41808]},"_links":{"self":[{"href":"https:\/\/www.akademie-solitude.de\/de\/wp-json\/wp\/v2\/news\/45150","targetHints":{"allow":["GET"]}}],"collection":[{"href":"https:\/\/www.akademie-solitude.de\/de\/wp-json\/wp\/v2\/news"}],"about":[{"href":"https:\/\/www.akademie-solitude.de\/de\/wp-json\/wp\/v2\/types\/news"}],"author":[{"embeddable":true,"href":"https:\/\/www.akademie-solitude.de\/de\/wp-json\/wp\/v2\/users\/8"}],"acf:post":[{"embeddable":true,"href":"https:\/\/www.akademie-solitude.de\/de\/wp-json\/wp\/v2\/person\/41808"}],"acf:term":[{"embeddable":true,"taxonomy":"news_type","href":"https:\/\/www.akademie-solitude.de\/de\/wp-json\/wp\/v2\/news_type\/502"}],"wp:attachment":[{"href":"https:\/\/www.akademie-solitude.de\/de\/wp-json\/wp\/v2\/media?parent=45150"}],"wp:term":[{"taxonomy":"news_type","embeddable":true,"href":"https:\/\/www.akademie-solitude.de\/de\/wp-json\/wp\/v2\/news_type?post=45150"}],"curies":[{"name":"wp","href":"https:\/\/api.w.org\/{rel}","templated":true}]}}