{"id":7728,"date":"2020-03-31T12:59:46","date_gmt":"2020-03-31T10:59:46","guid":{"rendered":"https:\/\/www.akademie-solitude.de\/news\/sommerakademie-2013-call-for-applications\/"},"modified":"2020-08-18T10:06:15","modified_gmt":"2020-08-18T08:06:15","slug":"sommerakademie-2013-call-for-applications","status":"publish","type":"news","link":"https:\/\/www.akademie-solitude.de\/de\/news\/sommerakademie-2013-call-for-applications\/","title":{"rendered":"Sommerakademie 2013 \u2013 Call for Applications"},"content":{"rendered":"","protected":false},"author":1,"featured_media":0,"template":"","news_type":[502],"class_list":["post-7728","news","type-news","status-publish","hentry","news_type-news"],"acf":{"bgcolor":"","bgcolor_custom":"","custom_color_css_variable":"","content_type":null,"intro_preview_headline":"","intro_preview_txt":"<b>Internationale Sommerakademie f\u00fcr junge Komponisten<\/b>\n\n<hr style=\"border-width: initial; border-color: initial; border-bottom-color: #cccccc; border-bottom-width: 1px; border-style: none none solid none;\" \/>\n\nIm zweij\u00e4hrigen Rhythmus veranstaltet die Akademie Schloss Solitude eine Sommerakademie f\u00fcr junge Komponistinnen und Komponisten.\u00a0<strong>Die sechste Sommerakademie wird vom 1. bis 18. August 2013 stattfinden. <\/strong>Sechzehn Komponistinnen und Komponisten werden f\u00fcr die Sommerakademie 2013 ausgew\u00e4hlt.","intro_preview_img":7876,"news_id_old":"3508","news_date":"2012-07-01 00:00:00","news_taxonomy_news_type":[502],"news_txt_old":"<b>Internationale Sommerakademie f\u00fcr junge Komponisten<\/b>\n\n<hr \/>\n\nIm zweij\u00e4hrigen Rhythmus veranstaltet die Akademie Schloss Solitude seit 2003 eine Sommerakademie f\u00fcr junge Komponistinnen und Komponisten. Die Arbeit und Diskussionen \u00fcber die Kompositionen der sechzehn Teilnehmerinnen und Teilnehmer sowie kompositorisches Denken stehen im Mittelpunkt der Sommerakademie, ebenso wie individueller Unterricht, Gruppenarbeit und abendliche Pr\u00e4sentationen der Komponisten vor der Gruppe.<strong> Die sechste Sommerakademie wird vom 1. bis 18. August 2013 stattfinden. <\/strong>\n\nGegen Ende der der Sommerakademie arbeiten die Kursteilnehmer mit dem Freiburger <strong>Ensemble SurPlus<\/strong> zusammen, um zwei \u00f6ffentliche Konzerte mit ihren Werken aufzuf\u00fchren. Ebenso werden Musikanalysen mit den Dozenten, Workshops \u00fcber Notation und Auff\u00fchrungspraxis mit SurPlus Mitgliedern und Gastpr\u00e4sentationen angeboten. Dieser Kurs bietet f\u00fcr die Teilnehmer ein stimulierendes Umfeld im Naherholungsgebiet um die Akademie Schloss Solitude und gibt ihnen die seltene M\u00f6glichkeit, sich intensiv untereinander, mit den drei Dozenten und mit K\u00fcnstlern anderer Kunstsparten, den Stipendiaten der Akademie, auszutauschen. Chaya Czernowin und Steven Kazuo Takasugi sind feste Lehrkr\u00e4fte der Sommerakademie. Als weiterer Dozent wird Johannes Sch\u00f6llhorn zu Gast sein.\n\nGeb\u00fchren: 800 Euro (inkl. \u00dcbernachtung und Verpflegung).\nIn Einzelf\u00e4llen k\u00f6nnen Stipendien oder Teilstipendien vergeben werden.\n\nMit der freundlichen Unterst\u00fctzung des Ministeriums f\u00fcr Wissenschaft, Forschung und Kunst des Landes Baden-W\u00fcrttemberg.\n\n<strong>BEWERBUNGSFORMULARE <\/strong>koennen ueber die E-Mail-Adresse\u00a0<a href=\"mailto:summeracademy@akademie-solitude.de\">summeracademy@akademie-solitude.de<\/a>\u00a0angefordert werden.\n\n<strong>BEWERBUNGSSCHLUSS<\/strong> ist am<u> 1. Oktober 2012 <\/u>(Poststempel).","news_related_news":"","files":null,"related_posts_news":[5415,5416,6641]},"_links":{"self":[{"href":"https:\/\/www.akademie-solitude.de\/de\/wp-json\/wp\/v2\/news\/7728","targetHints":{"allow":["GET"]}}],"collection":[{"href":"https:\/\/www.akademie-solitude.de\/de\/wp-json\/wp\/v2\/news"}],"about":[{"href":"https:\/\/www.akademie-solitude.de\/de\/wp-json\/wp\/v2\/types\/news"}],"author":[{"embeddable":true,"href":"https:\/\/www.akademie-solitude.de\/de\/wp-json\/wp\/v2\/users\/1"}],"acf:post":[{"embeddable":true,"href":"https:\/\/www.akademie-solitude.de\/de\/wp-json\/wp\/v2\/person\/6641"},{"embeddable":true,"href":"https:\/\/www.akademie-solitude.de\/de\/wp-json\/wp\/v2\/person\/5416"},{"embeddable":true,"href":"https:\/\/www.akademie-solitude.de\/de\/wp-json\/wp\/v2\/person\/5415"}],"acf:term":[{"embeddable":true,"taxonomy":"news_type","href":"https:\/\/www.akademie-solitude.de\/de\/wp-json\/wp\/v2\/news_type\/502"}],"wp:attachment":[{"href":"https:\/\/www.akademie-solitude.de\/de\/wp-json\/wp\/v2\/media?parent=7728"}],"wp:term":[{"taxonomy":"news_type","embeddable":true,"href":"https:\/\/www.akademie-solitude.de\/de\/wp-json\/wp\/v2\/news_type?post=7728"}],"curies":[{"name":"wp","href":"https:\/\/api.w.org\/{rel}","templated":true}]}}