{"id":7734,"date":"2020-03-31T12:59:46","date_gmt":"2020-03-31T10:59:46","guid":{"rendered":"https:\/\/www.akademie-solitude.de\/news\/neue-kooperationsstipendien-2013-2015\/"},"modified":"2020-08-18T10:06:16","modified_gmt":"2020-08-18T08:06:16","slug":"neue-kooperationsstipendien-2013-2015","status":"publish","type":"news","link":"https:\/\/www.akademie-solitude.de\/de\/news\/neue-kooperationsstipendien-2013-2015\/","title":{"rendered":"NEUE KOOPERATIONSSTIPENDIEN 2013\u20132015"},"content":{"rendered":"","protected":false},"author":1,"featured_media":0,"template":"","news_type":[502],"class_list":["post-7734","news","type-news","status-publish","hentry","news_type-news"],"acf":{"bgcolor":"","bgcolor_custom":"","custom_color_css_variable":"","content_type":null,"intro_preview_headline":"","intro_preview_txt":"Zum ersten Mal wurden 22 Stipendien mit insgesamt 57 Stipendienmonaten in Kooperation mit vorwiegend Stuttgarter Partnerinstitutionen vergeben.","intro_preview_img":"","news_id_old":"3575","news_date":"2013-05-07 00:00:00","news_taxonomy_news_type":[502],"news_txt_old":"<strong>Kooperationsstipendien 2013\u20132015<\/strong>\n\nZum ersten Mal wurden 22 Stipendien mit insgesamt 57 Stipendienmonaten in Kooperation mit vorwiegend Stuttgarter Partnerinstitutionen vergeben. An diesem neuen Programm sind unter anderem die MFG Filmf\u00f6rderung Baden-W\u00fcrttemberg, Musik der Jahrhunderte, das Schauspiel Stuttgart, die Staatliche Hochschule f\u00fcr Musik und Darstellende Kunst Stuttgart, das Theater Rampe, die Staatliche Akademie der Bildenden K\u00fcnste Stuttgart, das Stuttgarter K\u00fcnstlerhaus, die Akademie f\u00fcr Darstellende Kunst Baden-W\u00fcrttemberg und das Gabriel-Gr\u00fcner-Stipendium von Zeitenspiegel Reportagen beteiligt. Es folgen im Jahre 2015 weitere Kooperationen mit dem Literaturhaus Stuttgart, dem Jungen Ensemble Stuttgart, der Freien Kunstakademie Baden-W\u00fcrttemberg und der Filmakademie Baden-W\u00fcrttemberg. F\u00fcr die Kooperationsstipendien gibt es kein Bewerbungsverfahren, m\u00f6gliche Kandidaten werden von den Partnerinstitutionen vorgeschlagen. Die Entscheidungen fu\u0308r die Wahl der Stipendiatinnen und Stipendiaten wurden zwischen Oktober 2012 und April 2013 getroffen (die Akademie Schloss Solitude und der Kooperationspartner hatten jeweils ein Votum). Bei einigen Partnerinstitutionen steht die Entscheidung noch aus.\n\n<strong>Akademie fu\u0308r Darstellende Kunst Baden-Wu\u0308rttemberg<\/strong>\nStipendiatin: Vanessa Emde (Deutschland)\nStipendium: 3 Monate in 2014\n\n<strong>Gabriel-Gru\u0308ner-Stipendium\/Zeitenspiegel Reportagen<\/strong>\nStipendiaten: Yasemin Ergin (Hamburg\/Deutschland) und Marcel Mettelsiefen (Berlin\/Deutschland)\nStipendium: Jeweils 2 Monate in 2013\n\n<strong>Jean-Jacques Rousseau-Stipendium<\/strong>\nStipendiat: Radu Aldulescu (Bukarest\/Rum\u00e4nien)\nStipendium: 3 Monate in 2013\nWeitere Stipendiaten, die jeweils ein 3-monatiges F\u00f6rderstipendium (ohne Aufenthalt) erhalten:\nIsaac Otidi Amuke (Kenia); Wingston G\u00f3nzalez (Guatemala); Brian James (Sierra Leone); Samira Negrouche (Algerien) und Andr\u00e9 &amp; Nathal Trantraal (Su\u0308dafrika).\n\n<strong>Marie-Zimmermann-Stipendium und Marie-Zimmermann-Preis fu\u0308r Theaterkritik<\/strong>\nStipendiaten: Friederike Engel (Mu\u0308nster\/Deutschland) und Michaela Stolte (Frankfurt\/Deutschland)\nPreistr\u00e4ger: Gerhard J\u00f6rder (Freiburg\/Deutschland und Berlin\/Deutschland)\nStipendium: Jeweils 3 Monate in 2013\/2014\n\n<strong>MFG Filmf\u00f6rderung Baden-Wu\u0308rttemberg<\/strong>\nStipendiaten: Karsten Krause (Hamburg\/Deutschland), Philip Widmann (Berlin\/Deutschland) und Astrid Schult (Berlin\/Deutschland)\nStipendium: Jeweils 3 Monate in 2014\/2015\n\n<strong>Musik der Jahrhunderte<\/strong>\nStipendiaten: Nimrod Katzir (Tel Aviv\/Israel), Zad Moultaka (Frankreich\/Libanon), Silvia Rosani (London\/Gro\u00dfbritannien)\nStipendium: 1 x 5 Monate und 2 x 2,5 Monate in 2013\/2014\n\n<strong>Staatliche Hochschule fu\u0308r Musik und Darstellende Kunst, Stuttgart<\/strong>\n<strong>Studio fu\u0308r Stimmkunst und Neues Musiktheater<\/strong>\nStipendiatin: Danielle Adair (Los Angeles, CA\/USA)\nStipendium: 3 Monate in 2014\n\n<strong>Staatstheater Stuttgart \/ Schauspiel Stuttgart<\/strong>\nStipendiaten: Anne Habermehl (Berlin\/Deutschland) und Krzysztof Garbaczewski (Krakau\/Polen), und N. N.\nStipendium: Jeweils 3 Monate in 2014\n\n<strong>Theater Rampe, Stuttgart<\/strong>\nStipendiatin: Anna Gschnitzer (Wien\/\u00d6sterreich)\nStipendium: 3 Monate in 2015\n\n<strong>Staatliche Akademie der Bildenden Ku\u0308nste<\/strong>\nStipendiatin: Cara Benedetto (New York, NY\/USA)\nStipendium: 5 Monate in 2013\/2014\n\n<strong>Freie Kunstakademie Baden-Wu\u0308rttemberg<\/strong>\nStipendiat\/in: N. N.\nStipendium: 6 Monate in 2015\n\n<strong>Junges Ensemble Stuttgart<\/strong>\nStipendiatin: Deborah Asiimwe (Kampala\/Uganda)\nStipendium: 6 Monate in 2015\n\n<strong>Ku\u0308nstlerhaus Stuttgart<\/strong>\nStipendiatinnen: Alina \u0218erban (Bukarest\/Rum\u00e4nien), Marina Fokidis (Athen\/Griechenland) und Marwa Arsanios (Beirut\/Libanon).\nStipendium: Jeweils 2 Monate in 2014\n\n<strong>HALLE 14 - Zentrum f\u00fcr zeitgen\u00f6ssische Kunst\/ Baumwollspinnerei Leipzig<\/strong>\nStipendiaten: Samir Harb (Ramallah\/Westjordanland) und Danny Wagner (Leipzig\/Deutschland)\nStipendium: Jeweils 2 Monate in 2013, 2014 und 2015\n\n<strong>Literaturhaus Stuttgart<\/strong>\nStipendiat\/in: N. N.\nStipendium: 6 Monate in 2015","news_related_news":"","files":null,"related_posts_news":""},"_links":{"self":[{"href":"https:\/\/www.akademie-solitude.de\/de\/wp-json\/wp\/v2\/news\/7734","targetHints":{"allow":["GET"]}}],"collection":[{"href":"https:\/\/www.akademie-solitude.de\/de\/wp-json\/wp\/v2\/news"}],"about":[{"href":"https:\/\/www.akademie-solitude.de\/de\/wp-json\/wp\/v2\/types\/news"}],"author":[{"embeddable":true,"href":"https:\/\/www.akademie-solitude.de\/de\/wp-json\/wp\/v2\/users\/1"}],"acf:term":[{"embeddable":true,"taxonomy":"news_type","href":"https:\/\/www.akademie-solitude.de\/de\/wp-json\/wp\/v2\/news_type\/502"}],"wp:attachment":[{"href":"https:\/\/www.akademie-solitude.de\/de\/wp-json\/wp\/v2\/media?parent=7734"}],"wp:term":[{"taxonomy":"news_type","embeddable":true,"href":"https:\/\/www.akademie-solitude.de\/de\/wp-json\/wp\/v2\/news_type?post=7734"}],"curies":[{"name":"wp","href":"https:\/\/api.w.org\/{rel}","templated":true}]}}