{"id":7775,"date":"2020-03-31T12:59:48","date_gmt":"2020-03-31T10:59:48","guid":{"rendered":"https:\/\/www.akademie-solitude.de\/news\/akademiedirektorin-elke-aus-dem-moore-zu-gast-bei-ueber-kunst\/"},"modified":"2020-08-18T10:06:22","modified_gmt":"2020-08-18T08:06:22","slug":"akademiedirektorin-elke-aus-dem-moore-zu-gast-bei-ueber-kunst","status":"publish","type":"news","link":"https:\/\/www.akademie-solitude.de\/de\/news\/akademiedirektorin-elke-aus-dem-moore-zu-gast-bei-ueber-kunst\/","title":{"rendered":"Akademiedirektorin Elke aus dem Moore zu Gast bei \u00bb\u00dcber Kunst\u00ab"},"content":{"rendered":"","protected":false},"author":1,"featured_media":0,"template":"","news_type":[502],"class_list":["post-7775","news","type-news","status-publish","hentry","news_type-news"],"acf":{"bgcolor":"","bgcolor_custom":"","custom_color_css_variable":"","content_type":null,"intro_preview_headline":"","intro_preview_txt":"\u00bbKunst besitzt das Potenzial, jenseits von \u00f6konomischer \u00adVerwertbarkeit in die Zukunft zu denken und Impulse zu geben f\u00fcr gesellschaftliche Ver\u00e4nderungsprozesse.\u00a0Genau \u00addieses Potenzial m\u00f6chte ich aufgreifen und die Akademie Schloss Solitude zu einer \u00adneuen Bildungseinrichtung machen, die \u2013 jenseits der formalen Bildungssysteme \u2013 Kunst und Gesellschaft st\u00e4rker miteinander verbindet.\u00ab Elke aus dem Moore","intro_preview_img":7936,"news_id_old":"3947","news_date":"2018-10-06 00:00:00","news_taxonomy_news_type":[502],"news_txt_old":"In der Gespr\u00e4chsreihe \u00bb\u00dcber Kunst\u00ab diskutiert der\u00a0Journalist Nikolai Forstbauer mit wichtigen Pers\u00f6nlichkeiten der Kunstszene \u00fcber das Verh\u00e4ltnis von Kunst und Gesellschaft.\u00a0<strong>Am 11. Oktober um 19.30 Uhr <\/strong>ist unsere Direktorin Elke aus dem Moore zu Gast bei der von\u00a0den\u00a0Stuttgarter Nachrichten\u00a0organisierten Talk-Reihe\u00a0und wird in der Staatsgalerie Stuttgart\u00a0\u00fcber ihre zuk\u00fcnftigen Pl\u00e4ne f\u00fcr die Akademie Schloss Solitude sprechen.\n\n\u00bbKunst besitzt das Potenzial, jenseits von \u00f6konomischer \u00adVerwertbarkeit in die Zukunft zu denken und Impulse zu geben f\u00fcr gesellschaftliche Ver\u00e4nderungsprozesse.\u00a0Genau \u00addieses Potenzial m\u00f6chte ich aufgreifen und die Akademie Schloss Solitude zu einer \u00adneuen Bildungseinrichtung machen, die \u2013 jenseits der formalen Bildungssysteme \u2013 Kunst und Gesellschaft st\u00e4rker miteinander verbindet.\u00ab Elke aus dem Moore\n\nDen Artikel zur Ank\u00fcndigung der Veranstaltung und zur weiteren inhaltlichen Ausrichtung des Abends in den Stuttgarter Nachrichten\u00a0finden Sie <a href=\"https:\/\/www.stuttgarter-nachrichten.de\/inhalt.stn-reihe-ueber-kunst-solitude-chefin-elke-aus-dem-moore-zu-gast.84e94611-9933-4364-a6a0-5ab6edbd23a2.html\" data-cke-saved-href=\"https:\/\/www.stuttgarter-nachrichten.de\/inhalt.stn-reihe-ueber-kunst-solitude-chefin-elke-aus-dem-moore-zu-gast.84e94611-9933-4364-a6a0-5ab6edbd23a2.html\">hier<\/a>.\n\nDie Teilnahme ist kostenlos. Da die Pl\u00e4tze im Vortragssaal der Staatsgalerie Stuttgart begrenzt sind,\u00a0melden Sie sich bitte mit Ihrem Namen und Ihrer E-Mail-Adresse unter\u00a0<a href=\"http:\/\/www.stn.de\/ortstermin\" data-cke-saved-href=\"http:\/\/www.stn.de\/ortstermin\">www.stn.de\/ortstermin<\/a>\u00a0an.\n\n<strong>Wann:<\/strong> 11.\u00a0Oktober 2018, 19.30 Uhr\n<strong>Wo:<\/strong>\u00a0Staatsgalerie Stuttgart, Vortragssaal","news_related_news":"","files":null,"related_posts_news":[23549,7070]},"_links":{"self":[{"href":"https:\/\/www.akademie-solitude.de\/de\/wp-json\/wp\/v2\/news\/7775","targetHints":{"allow":["GET"]}}],"collection":[{"href":"https:\/\/www.akademie-solitude.de\/de\/wp-json\/wp\/v2\/news"}],"about":[{"href":"https:\/\/www.akademie-solitude.de\/de\/wp-json\/wp\/v2\/types\/news"}],"author":[{"embeddable":true,"href":"https:\/\/www.akademie-solitude.de\/de\/wp-json\/wp\/v2\/users\/1"}],"acf:post":[{"embeddable":true,"href":"https:\/\/www.akademie-solitude.de\/de\/wp-json\/wp\/v2\/person\/7070"}],"acf:term":[{"embeddable":true,"taxonomy":"news_type","href":"https:\/\/www.akademie-solitude.de\/de\/wp-json\/wp\/v2\/news_type\/502"}],"wp:attachment":[{"href":"https:\/\/www.akademie-solitude.de\/de\/wp-json\/wp\/v2\/media?parent=7775"}],"wp:term":[{"taxonomy":"news_type","embeddable":true,"href":"https:\/\/www.akademie-solitude.de\/de\/wp-json\/wp\/v2\/news_type?post=7775"}],"curies":[{"name":"wp","href":"https:\/\/api.w.org\/{rel}","templated":true}]}}