{"id":7783,"date":"2020-03-31T12:59:49","date_gmt":"2020-03-31T10:59:49","guid":{"rendered":"https:\/\/www.akademie-solitude.de\/news\/opernperformance-sun-and-sea-marina-ehemaliger-solitude-stipendiatinnen-bespielt-den-litauischen-pavillon-auf-der-58-biennale-venedig\/"},"modified":"2025-02-03T17:16:28","modified_gmt":"2025-02-03T16:16:28","slug":"opernperformance-sun-and-sea-marina-ehemaliger-solitude-stipendiatinnen-bespielt-den-litauischen-pavillon-auf-der-58-biennale-venedig","status":"publish","type":"news","link":"https:\/\/www.akademie-solitude.de\/de\/news\/opernperformance-sun-and-sea-marina-ehemaliger-solitude-stipendiatinnen-bespielt-den-litauischen-pavillon-auf-der-58-biennale-venedig\/","title":{"rendered":"Opernperformance \u00bbSun and Sea (Marina)\u00ab ehemaliger Solitude-Stipendiatinnen bespielt den Litauischen Pavillon auf der 58. Biennale Venedig"},"content":{"rendered":"","protected":false},"author":1,"featured_media":7952,"template":"","news_type":[502],"class_list":["post-7783","news","type-news","status-publish","hentry","news_type-news"],"acf":{"bgcolor":"","bgcolor_custom":"","custom_color_css_variable":"","content_type":null,"intro_preview_headline":"","intro_preview_txt":"Das k\u00fcnstlerische Trio \u00bbNeon Realism\u00ab, bestehend aus drei ehemaligen Solitude-Stipendiatinnen, bespielen den Litauischen Pavilion auf der Biennale Venedig 2019.","intro_preview_img":7952,"news_id_old":"3970","news_date":"2019-03-18 00:00:00","news_taxonomy_news_type":[502],"news_txt_old":"W\u00e4hrend ihres Stipendiums an der Akademie Schloss Solitude haben die Theater- und Filmregisseurin Rugil\u0117 Barzd\u017eiukait\u0117, die Schriftstellerin und Dichterin Vaiva Grainyt\u0117 und die Komponistin und Performancek\u00fcnstlerin Lina Lapelyt\u0117 an einer kurzen Version des kollaborativen Opernst\u00fcckes <em>Sun &amp; Sea<\/em> gearbeitet, das 2016 in der Palermo Galerie in Stuttgart aufgef\u00fchrt wurde.\r\nDieses Jahr bespielt <em>Sun &amp; Sea (Marina)<\/em> als erste englische Version des gemeinschaftlichen Opernst\u00fcckes den Litauischen Pavilion auf der Biennale von Venedig. Bis zu 20 Teilnehmer*innen und S\u00e4nger*innen verwandeln den Litauischen Pavilion in eine B\u00fchne f\u00fcr eine Langzeit-Installation\/Performance.\r\n\r\nDie Vernissage findet statt am 10. Mai 2019 um 16 Uhr.\r\n\r\nIn ihrem St\u00fcck legt das Trio den Fokus auf die Beziehung zwischen Dokumentation und Fiktion, Realismus und Poesie sowie eine \u00dcberschneidung von Theater, Musik und Kunst.\r\n\r\nDurch den Einsatz von Licht, Architektur und Musik wird die B\u00fchne zu einem k\u00fcnstlichen Strand. Urlauber in bunter Badekleidung liegen nebeneinander auf dem sandigen Boden, w\u00e4hrend das Publikum sie von oben beobachtet. In der Mittagshitze fangen die Charaktere an ihre Geschichten zu erz\u00e4hlen. Von frivolen kurzen Geschichten bis zu breiteren, ernsteren Themen entwickelt sich eine globale Symphonie, ein universeller Menschenchor, der den \u00bbplanetengro\u00dfen\u00ab, anthropogenen Klimawandel adressiert. In ihrer Arbeit wird die physische Endlichkeit und M\u00fcdigkeit des menschlichen K\u00f6rpers zu einer Metonymie f\u00fcr eine ersch\u00f6pfte Erde. Das Setting \u2013 ein \u00fcberf\u00fcllter Strand im Sommer \u2013 zeichnet ein Bild unbeschwerten Faulenzens. In diesem Kontext wird die Message klar: ernste Themen entfalten sich leicht, soft \u2013 wie ein Pop Song am letzten Tag auf dieser Erde.\r\n\r\nMitglieder der Auswahlkommission des Litauischen Pavilions sind Rasa Antanavi\u010di\u016bt\u0117 (Nida Art Colony of Vilnius Academy of Arts, Lithuania) und Jean-Baptiste Joly (Gr\u00fcndungsdirektor der Akademie Schloss Solitude bis M\u00e4rz 2018). Der Pavilion wird kuratiert von Lucia Pietroiusti (Curator of General Ecology at Serpentine Galleries, London, UK) mit Unterst\u00fctzung von Caterina Avataneo (Independent Curator, London, UK).\r\n\r\nDie Pr\u00e4sentation wird begleitet von einem Special-Edition Vinyl Katalog des Design-Kollektivs \u00c5b\u00e4ke.","news_related_news":[33397],"files":null,"related_posts_news":[6878,6881,6898]},"_links":{"self":[{"href":"https:\/\/www.akademie-solitude.de\/de\/wp-json\/wp\/v2\/news\/7783","targetHints":{"allow":["GET"]}}],"collection":[{"href":"https:\/\/www.akademie-solitude.de\/de\/wp-json\/wp\/v2\/news"}],"about":[{"href":"https:\/\/www.akademie-solitude.de\/de\/wp-json\/wp\/v2\/types\/news"}],"author":[{"embeddable":true,"href":"https:\/\/www.akademie-solitude.de\/de\/wp-json\/wp\/v2\/users\/1"}],"acf:post":[{"embeddable":true,"href":"https:\/\/www.akademie-solitude.de\/de\/wp-json\/wp\/v2\/person\/6898"},{"embeddable":true,"href":"https:\/\/www.akademie-solitude.de\/de\/wp-json\/wp\/v2\/person\/6881"},{"embeddable":true,"href":"https:\/\/www.akademie-solitude.de\/de\/wp-json\/wp\/v2\/person\/6878"},{"embeddable":true,"href":"https:\/\/www.akademie-solitude.de\/de\/wp-json\/wp\/v2\/news\/33397"}],"acf:term":[{"embeddable":true,"taxonomy":"news_type","href":"https:\/\/www.akademie-solitude.de\/de\/wp-json\/wp\/v2\/news_type\/502"}],"wp:featuredmedia":[{"embeddable":true,"href":"https:\/\/www.akademie-solitude.de\/de\/wp-json\/wp\/v2\/media\/7952"}],"wp:attachment":[{"href":"https:\/\/www.akademie-solitude.de\/de\/wp-json\/wp\/v2\/media?parent=7783"}],"wp:term":[{"taxonomy":"news_type","embeddable":true,"href":"https:\/\/www.akademie-solitude.de\/de\/wp-json\/wp\/v2\/news_type?post=7783"}],"curies":[{"name":"wp","href":"https:\/\/api.w.org\/{rel}","templated":true}]}}