{"id":7788,"date":"2020-03-31T12:59:49","date_gmt":"2020-03-31T10:59:49","guid":{"rendered":"https:\/\/www.akademie-solitude.de\/news\/ausschreibung-die-irritierte-stadt\/"},"modified":"2020-08-18T10:06:25","modified_gmt":"2020-08-18T08:06:25","slug":"ausschreibung-die-irritierte-stadt","status":"publish","type":"news","link":"https:\/\/www.akademie-solitude.de\/de\/news\/ausschreibung-die-irritierte-stadt\/","title":{"rendered":"Ausschreibung \u00bbDie irritierte Stadt\u00ab"},"content":{"rendered":"","protected":false},"author":1,"featured_media":0,"template":"","news_type":[502],"class_list":["post-7788","news","type-news","status-publish","hentry","news_type-news"],"acf":{"bgcolor":"","bgcolor_custom":"","custom_color_css_variable":"","content_type":null,"intro_preview_headline":"","intro_preview_txt":"Akademie Schloss Solitude, Freie Tanz- und Theaterszene Stuttgart, Musik der Jahrhunderte, Produktionszentrum Tanz und Performance und Theater Rampe\u00a0setzen jeweils unterschiedliche Schwerpunkte in den zeitgen\u00f6ssischen Ku\u0308nsten. Gemeinsam ist ihnen die transdisziplin\u00e4re Praxis. Im Juli 2020 veranstalten sie erstmals ein kooperativ kuratiertes \u201eFest der Ku\u0308nste\u201c.","intro_preview_img":7962,"news_id_old":"3984","news_date":"2019-06-21 00:00:00","news_taxonomy_news_type":[502],"news_txt_old":"<strong>DIE IRRITIERTE STADT\nEin Fest der Ku\u0308nste\nIm Rahmen von Tanzpakt Stuttgart | TANZPAKT Stadt-Land-Bund<\/strong>\n\n<strong>Ausschreibung fu\u0308r Ku\u0308nstler*innen aus Tanz, Musik, Theater, Performance, Literatur, Film, Bildender Kunst und transdisziplin\u00e4rer Praxis, international und lokal<\/strong>\n\nProjektentwicklungen ab Oktober 2019\nFestival von 20. bis 26. Juli 2020 im ganzen Stuttgarter Stadtgebiet\n\n<strong>Akademie Schloss Solitude, Freie Tanz- und Theaterszene Stuttgart, Musik der Jahrhunderte, Produktionszentrum Tanz und Performance und Theater Rampe<\/strong> setzen jeweils unterschiedliche Schwerpunkte in den zeitgen\u00f6ssischen Ku\u0308nsten. Gemeinsam ist ihnen die transdisziplin\u00e4re Praxis. Im Juli 2020 veranstalten sie erstmals ein kooperativ kuratiertes \u201eFest der Ku\u0308nste\u201c. In partizipativen und ortsspezifischen Projekten geht es dabei um Austausch und Zusammenarbeit mit Menschen, die nicht selbstverst\u00e4ndlich im Kunstdiskurs verortet sind. Im Zentrum steht der interdisziplin\u00e4re Austausch, verbunden mit der Frage, welche Positionen Ku\u0308nstler*innen heute in der Auseinandersetzung mit der Zivilgesellschaft einnehmen. So soll eine Plattform des Dialoges zwischen den zeitgen\u00f6ssischen Ku\u0308nsten und der Gesellschaft geschaffen werden.\n\nDas erste Festival findet im Rahmen des Tanzpakt Stuttgart statt. Eine besondere Aufmerksamkeit erfahren daher Projekte, die von Tanz, Bewegung und K\u00f6rpern im \u00f6ffentlichen Raum ausgehen.\n\nIm Fokus der ku\u0308nstlerischen Auseinandersetzung soll insbesondere der \u00d6ffentliche Raum stehen. Gemeint sind sowohl \u00f6ffentliche Orte der Zivilgesellschaft als auch der digitale \u00f6ffentliche Raum, der durch die wachsende Bedeutung von Social Media eine immer gr\u00f6\u00dfere Aufmerksamkeit bekommt. Der \u00d6ffentliche Raum \u2013 sei er physisch oder medial \u2013 ist eine Agora, in der das \u201e\u00d6ffentliche\u201c heute u\u0308beraus kontrovers verhandelt wird. Unterschiedliche gesellschaftliche Gruppierungen erheben Besitzanspru\u0308che auf diesen Raum \u2013 und damit auch einen Anspruch auf die Deutungshoheit des \u00d6ffentlichen.\n\nDaru\u0308ber hinaus treibt das Kuratorium die Fragen um,\n\n- wie folgenreich Kollaborationen zwischen Kunst und Zivilgesellschaft sein k\u00f6nnen,\n\n- wie ku\u0308nstlerische Perspektiven auf Denk- und Handlungsr\u00e4ume in der Zivilgesellschaft einwirken und diese unmittelbar mitgestalten k\u00f6nnen,\n\n- wie ku\u0308nstlerische Praxis im \u00f6ffentlichen Raum verankert werden kann\n\n- und wie sich ku\u0308nstlerische Spielr\u00e4ume im Dialog mit der Zivilgesellschaft erweitern lassen.\n\nDIE IRRITIERTE STADT l\u00e4dt internationale und lokale Ku\u0308nstler*innen und Performer*innen aller Sparten \u2013 insbesondere auch aus dem Tanz \u2013 ein, sich alleine oder im Team mit Menschen eines bestimmten Ortes oder zivilgesellschaftlichen Bereiches in Stuttgart auseinanderzusetzen und ein partizipatives Projekt fu\u0308r einen bzw. in einem der teilnehmenden zivilgesellschaftlichen Bereiche zu entwerfen.\nStuttgarter Bu\u0308rger*innen werden in einer gesonderten Ausschreibung zur Teilnahme an DER IRRITIERTEN STADT eingeladen. Das k\u00f6nnen junge oder alte Menschen, Lernende oder Arbeitende, Menschen im Arbeits- oder Freizeitumfeld, musisch interessierte oder noch von der Kunst abgewandte, zuf\u00e4llig oder bewusst an einem Ort zusammentreffende Menschen sein.\n\nIm September 2019 entscheidet das Kuratorium, welche der eingereichten Projekte durchgefu\u0308hrt werden k\u00f6nnen, und verbindet die Ku\u0308nstler*innen gegebenenfalls mit Akteur*innen der Stuttgarter Stadtgesellschaft.\nAb Oktober 2019 k\u00f6nnen die Ku\u0308nstler*innen ihre jeweiligen Projekte (Recherche, Konzeption, Proben) im aktiven Austausch mit ihren Partner*innen aus der Stadtgesellschaft erarbeiten. Es kann ein kurzes, pr\u00e4gnantes Statement sein oder ein mehrt\u00e4giges Ereignis. Es kann ausschlie\u00dflich mit Laien aufgefu\u0308hrt werden oder professionelle Interpret*innen oder ku\u0308nstlerische Akteur*innen einbeziehen. Es kann bestimmte r\u00e4umliche Situationen (Geb\u00e4ude, Anlagen, Landschaften) voraussetzen oder fu\u0308r einen variablen Auffu\u0308hrungsort konzipiert werden.\n\nJe nach Projektvorhaben sind Koproduktionen oder Eigenproduktionen m\u00f6glich. Adaptionen bestehender Arbeiten auf einen spezifischen Stuttgarter Kontext hin sind ebenso m\u00f6glich. Das Ziel ist mindestens eine \u00f6ffentliche Auffu\u0308hrung\/Pr\u00e4sentation im Rahmen des <strong>Fests der Ku\u0308nste DIE IRRITIERTE STADT<\/strong>, das vom 20. bis 26. Juli 2020 in unterschiedlichen Kultureinrichtungen sowie im \u00f6ffentlichen Raum in Stuttgart stattfindet.\n\n<strong>Bitte bewerben Sie sich bis zum 31. 08. 2019 mit folgenden Unterlagen (pdf-Datei, max. 5 MB):<\/strong>\n\n- Dossier Ihrer ku\u0308nstlerischen Arbeit bzw. Beschreibung Ihrer Arbeitsweise und Ihres \u00e4sthetischen Ansatzes\n\n- Motivation fu\u0308r ein partizipatives Projekt im Rahmen DER IRRITIERTEN STADT bzw. Idee oder Projektskizze fu\u0308r einen spezifischen zivilgesellschaftlichen Bereich. Bitte geben Sie ggf. an, ob Sie bereits Partner*innen aus Stuttgart haben bzw. ob Sie mit konkreten Partner*innen zusammenarbeiten wollen.\n\nODER: Projektbeschreibung und Finanzplan einer bereits produzierten Arbeit, die partizipativ bzw. ortsspezifisch auf den Stuttgarter Kontext hin adaptiert werden kann.\n\n<strong>Bewerbungen oder auch Fragen zum Projekt bitte per Email an unser Organisationsbu\u0308ro:<\/strong>\n\n<a href=\"http:\/\/mailto:irritiertestadt@mdjstuttgart.de\" data-cke-saved-href=\"http:\/\/mailto:irritiertestadt@mdjstuttgart.de\">irritiertestadt@mdjstuttgart.de<\/a>\n\n\u00dcber die Realisation der eingereichten Projekte entscheidet ein Kuratorium der Veranstalterinnen des Festivals. Ku\u0308nstler*innen, deren Projekt durchgefu\u0308hrt wird, erhalten ein angemessenes Honorar sowie Produktionsmittel, deren H\u00f6he sich \u2013 den M\u00f6glichkeiten des Festivals entsprechend \u2013 nach dem Bedarf eines Projektes richtet.\n\nDem Kuratorium geh\u00f6ren an: Elke aus dem Moore (Akademie Schloss Solitude), Nora Auth (Freie Tanz- und Theaterszene Stuttgart), Christine Fischer (Musik der Jahrhunderte), Isabell Ohst (Produktionszentrum Tanz und Performance), Martina Grohmann (Theater Rampe)\n\nDIE IRRITIERTE STADT ist ein Projekt von Akademie Schloss Solitude, Freie Tanz- und Theaterszene Stuttgart, Musik der Jahrhunderte, Produktionszentrum Tanz und Performance und Theater Rampe im Rahmen von Tanzpakt Stuttgart.\n\nGef\u00f6rdert von TANZPAKT Stadt-Land-Bund aus Mitteln der Beauftragten der Bundesregierung fu\u0308r Kultur und Medien sowie durch die Stadt Stuttgart.\n\nKontakt:\n\nMusik der Jahrhunderte\n\nSiemensstra\u00dfe 13 \/ 70469 Stuttgart | Tel +49 (0) 711 62 90 510\n\n<a href=\"http:\/\/mailto:irritiertestadt@mdjstuttgart.de\" data-cke-saved-href=\"http:\/\/mailto:irritiertestadt@mdjstuttgart.de\">irritiertestadt@mdjstuttgart.de<\/a> \/ <a href=\"http:\/\/www.irritiertestadt.de\" data-cke-saved-href=\"http:\/\/www.irritiertestadt.de\">irritiertestadt.de<\/a>\n\n&nbsp;","news_related_news":"","files":null,"related_posts_news":""},"_links":{"self":[{"href":"https:\/\/www.akademie-solitude.de\/de\/wp-json\/wp\/v2\/news\/7788","targetHints":{"allow":["GET"]}}],"collection":[{"href":"https:\/\/www.akademie-solitude.de\/de\/wp-json\/wp\/v2\/news"}],"about":[{"href":"https:\/\/www.akademie-solitude.de\/de\/wp-json\/wp\/v2\/types\/news"}],"author":[{"embeddable":true,"href":"https:\/\/www.akademie-solitude.de\/de\/wp-json\/wp\/v2\/users\/1"}],"acf:term":[{"embeddable":true,"taxonomy":"news_type","href":"https:\/\/www.akademie-solitude.de\/de\/wp-json\/wp\/v2\/news_type\/502"}],"wp:attachment":[{"href":"https:\/\/www.akademie-solitude.de\/de\/wp-json\/wp\/v2\/media?parent=7788"}],"wp:term":[{"taxonomy":"news_type","embeddable":true,"href":"https:\/\/www.akademie-solitude.de\/de\/wp-json\/wp\/v2\/news_type?post=7788"}],"curies":[{"name":"wp","href":"https:\/\/api.w.org\/{rel}","templated":true}]}}