{"id":7790,"date":"2020-03-31T12:59:49","date_gmt":"2020-03-31T10:59:49","guid":{"rendered":"https:\/\/www.akademie-solitude.de\/news\/rene-pollesch-wird-intendant-der-berliner-volksbuehne\/"},"modified":"2020-08-18T10:06:25","modified_gmt":"2020-08-18T08:06:25","slug":"rene-pollesch-wird-intendant-der-berliner-volksbuehne","status":"publish","type":"news","link":"https:\/\/www.akademie-solitude.de\/de\/news\/rene-pollesch-wird-intendant-der-berliner-volksbuehne\/","title":{"rendered":"Ren\u00e9 Pollesch wird Intendant der Berliner Volksb\u00fchne"},"content":{"rendered":"","protected":false},"author":1,"featured_media":0,"template":"","news_type":[502],"class_list":["post-7790","news","type-news","status-publish","hentry","news_type-news"],"acf":{"bgcolor":"","bgcolor_custom":"","custom_color_css_variable":"","content_type":null,"intro_preview_headline":"","intro_preview_txt":"Wir freuen uns sehr \u00fcber die Nachricht, dass Ren\u00e9 Pollesch ab 2021 neuer Intendant an der Berliner Volksb\u00fchne wird, wie der Berliner Kultursenator Lederer am 12. Juni 2019 bekanntgab. Der Dramatiker und Regisseur aus Hessen folgt auf Klaus D\u00f6rr, Chris Dercon und den Regisseur Frank Castorf, der das Haus bis 2017 ein Vierteljahrhundert lang geleitet hatte.","intro_preview_img":7966,"news_id_old":"3986","news_date":"2019-07-09 00:00:00","news_taxonomy_news_type":[502],"news_txt_old":"Wir freuen uns sehr \u00fcber die Nachricht, dass Ren\u00e9 Pollesch ab 2021 neuer Intendant an der Berliner Volksb\u00fchne wird, wie der Berliner Kultursenator Lederer am 12. Juni 2019 bekanntgab. Der Dramatiker und Regisseur aus Hessen folgt auf Klaus D\u00f6rr, Chris Dercon und den Regisseur Frank Castorf, der das Haus bis 2017 ein Vierteljahrhundert lang geleitet hatte. Unter Castorf war Pollesch auch lange Zeit als Autor und Regisseur an der Volksb\u00fchne t\u00e4tig. Von 2001 bis 2007 leitete er zudem eine Nebenspielst\u00e4tte der Volksb\u00fchne am Prenzlauer Berg, den Prater.\n\nRen\u00e9 Pollesch inszeniert an vielen gro\u00dfen deutschsprachigen B\u00fchnen, unter anderem in Stuttgart, Hamburg und Z\u00fcrich. Zuletzt arbeitete er in Berlin am Deutschen Theater, wo sein neustes St\u00fcck \u00bbBlack Maria\u00ab Ende Januar 2019 uraufgef\u00fchrt wurde.\n\nIn einem Interview mit der FAZ sagte er k\u00fcrzlich: \u00bbMein Vorzug ist, ich habe keine Angst, und ich bin nicht an meinem Ego interessiert. Ich bin daran interessiert, dass die Arbeit eine Kraft hat, weil Kathi Angerer Sachen sagt, die sie sagen will und nicht, weil ich denke, ich habe da \u2019nen tollen Text geschrieben. Ich mache das nicht aus Freundlichkeit. Sondern ich wei\u00df, das erzeugt bessere Ergebnisse. Man kann nur zusammen denken.\u00ab Pollesch ist \u00fcberzeugt davon, dass es nun an der Zeit sei, diese F\u00e4higkeit auf ein Haus zu \u00fcbertragen.\n\nIm Jahr 1997 verbrachte Ren\u00e9 Pollesch sechs Monate als Stipendiat an der Akademie Schloss Solitude.","news_related_news":"","files":null,"related_posts_news":""},"_links":{"self":[{"href":"https:\/\/www.akademie-solitude.de\/de\/wp-json\/wp\/v2\/news\/7790","targetHints":{"allow":["GET"]}}],"collection":[{"href":"https:\/\/www.akademie-solitude.de\/de\/wp-json\/wp\/v2\/news"}],"about":[{"href":"https:\/\/www.akademie-solitude.de\/de\/wp-json\/wp\/v2\/types\/news"}],"author":[{"embeddable":true,"href":"https:\/\/www.akademie-solitude.de\/de\/wp-json\/wp\/v2\/users\/1"}],"acf:term":[{"embeddable":true,"taxonomy":"news_type","href":"https:\/\/www.akademie-solitude.de\/de\/wp-json\/wp\/v2\/news_type\/502"}],"wp:attachment":[{"href":"https:\/\/www.akademie-solitude.de\/de\/wp-json\/wp\/v2\/media?parent=7790"}],"wp:term":[{"taxonomy":"news_type","embeddable":true,"href":"https:\/\/www.akademie-solitude.de\/de\/wp-json\/wp\/v2\/news_type?post=7790"}],"curies":[{"name":"wp","href":"https:\/\/api.w.org\/{rel}","templated":true}]}}